{"id":570798,"date":"2025-12-01T11:21:14","date_gmt":"2025-12-01T11:21:14","guid":{"rendered":"https:\/\/www.europesays.com\/fr\/570798\/"},"modified":"2025-12-01T11:21:14","modified_gmt":"2025-12-01T11:21:14","slug":"en-direct-guerre-en-ukraine-volodymyr-zelensky-et-emmanuel-macron-en-pleine-reunion-a-lelysee-liberation","status":"publish","type":"post","link":"https:\/\/www.europesays.com\/fr\/570798\/","title":{"rendered":"EN DIRECT &#8211; Guerre en Ukraine\u00a0: Volodymyr Zelensky et Emmanuel Macron en pleine r\u00e9union \u00e0 l\u2019Elys\u00e9e \u2013 Lib\u00e9ration"},"content":{"rendered":"<p class=\"sc-cPiKLX AiZTS text-element\">Apr\u00e8s sa rencontre avec Emmanuel Macron \u00e0 Paris, le pr\u00e9sident ukrainien Volodymyr Zelensky est attendu ce lundi soir en Irlande, pour son premier voyage officiel dans ce pays membre de l\u2019Union europ\u00e9enne, militairement neutre. \u00abJ\u2019ai h\u00e2te de r\u00e9it\u00e9rer l\u2019engagement ind\u00e9fectible de l\u2019Irlande \u00e0 soutenir le peuple ukrainien aussi longtemps que n\u00e9cessaire\u00bb, a d\u00e9clar\u00e9 le Taoiseach (Premier ministre) irlandais Miche\u00e1l Martin. Lors de cette visite cens\u00e9e durer environ 24 heures, Zelensky devrait aussi inaugurer un forum \u00e9conomique Irlande-Ukraine pour d\u00e9velopper les liens commerciaux entre les deux pays, rapporte Miche\u00e1l Martin. L\u2019Irlande, qui prendra la pr\u00e9sidence tournante de l\u2019Union europ\u00e9enne au second semestre 2026, soutient l\u2019adh\u00e9sion de l\u2019Ukraine au bloc europ\u00e9en.<\/p>\n","protected":false},"excerpt":{"rendered":"Apr\u00e8s sa rencontre avec Emmanuel Macron \u00e0 Paris, le pr\u00e9sident ukrainien Volodymyr Zelensky est attendu ce lundi soir&hellip;\n","protected":false},"author":2,"featured_media":570799,"comment_status":"","ping_status":"","sticky":false,"template":"","format":"standard","meta":{"footnotes":""},"categories":[1888],"tags":[1111,1928,11,1927,1073,73,1777,674,1011,27,12,1926,626,1925,25,132,220,297,134],"class_list":{"0":"post-570798","1":"post","2":"type-post","3":"status-publish","4":"format-standard","5":"has-post-thumbnail","7":"category-paris","8":"tag-actu","9":"tag-actu-paris","10":"tag-actualites","11":"tag-actualites-paris","12":"tag-emmanuel-macron","13":"tag-etats-unis","14":"tag-eu","15":"tag-europe","16":"tag-fr","17":"tag-france","18":"tag-news","19":"tag-news-paris","20":"tag-paris","21":"tag-paris-news","22":"tag-republique-francaise","23":"tag-russie","24":"tag-ukraine","25":"tag-ukraine-la-crise","26":"tag-volodymyr-zelensky"},"share_on_mastodon":{"url":"https:\/\/pubeurope.com\/@fr\/115644051394356877","error":""},"_links":{"self":[{"href":"https:\/\/www.europesays.com\/fr\/wp-json\/wp\/v2\/posts\/570798","targetHints":{"allow":["GET"]}}],"collection":[{"href":"https:\/\/www.europesays.com\/fr\/wp-json\/wp\/v2\/posts"}],"about":[{"href":"https:\/\/www.europesays.com\/fr\/wp-json\/wp\/v2\/types\/post"}],"author":[{"embeddable":true,"href":"https:\/\/www.europesays.com\/fr\/wp-json\/wp\/v2\/users\/2"}],"replies":[{"embeddable":true,"href":"https:\/\/www.europesays.com\/fr\/wp-json\/wp\/v2\/comments?post=570798"}],"version-history":[{"count":0,"href":"https:\/\/www.europesays.com\/fr\/wp-json\/wp\/v2\/posts\/570798\/revisions"}],"wp:featuredmedia":[{"embeddable":true,"href":"https:\/\/www.europesays.com\/fr\/wp-json\/wp\/v2\/media\/570799"}],"wp:attachment":[{"href":"https:\/\/www.europesays.com\/fr\/wp-json\/wp\/v2\/media?parent=570798"}],"wp:term":[{"taxonomy":"category","embeddable":true,"href":"https:\/\/www.europesays.com\/fr\/wp-json\/wp\/v2\/categories?post=570798"},{"taxonomy":"post_tag","embeddable":true,"href":"https:\/\/www.europesays.com\/fr\/wp-json\/wp\/v2\/tags?post=570798"}],"curies":[{"name":"wp","href":"https:\/\/api.w.org\/{rel}","templated":true}]}}