{"id":570802,"date":"2025-12-01T11:23:28","date_gmt":"2025-12-01T11:23:28","guid":{"rendered":"https:\/\/www.europesays.com\/fr\/570802\/"},"modified":"2025-12-01T11:23:28","modified_gmt":"2025-12-01T11:23:28","slug":"guerre-en-ukraine-zelensky-a-paris-en-plein-va-et-vient-diplomatique-orchestre-par-trump-01-12-2025-a-1135","status":"publish","type":"post","link":"https:\/\/www.europesays.com\/fr\/570802\/","title":{"rendered":"Guerre en Ukraine: Zelensky \u00e0 Paris en plein va-et-vient diplomatique orchestr\u00e9 par Trump &#8211; 01\/12\/2025 \u00e0 11:35"},"content":{"rendered":"<p>        <img decoding=\"async\" src=\"https:\/\/www.europesays.com\/fr\/wp-content\/uploads\/2025\/12\/5b64d51487d5a7f7b877b9f1b7bac4a1-760x535.jpg\" alt=\"Le pr\u00e9sident ukrainien Volodymyr Zelensky, \u00e0 gauche, et le pr\u00e9sident fran\u00e7ais Emmanuel Macron, \u00e0 droite, le 1er d\u00e9cembre 2025, \u00e0 l'Elys\u00e9e, \u00e0 Paris ( AFP \/ STEPHANE DE SAKUTIN )\" loading=\"eager\" fetchpriority=\"high\" width=\"760\" height=\"535\" style=\"max-width: 100%!important; height: auto;\"\/><\/p>\n<p class=\"c-image-news__legend\">Le pr\u00e9sident ukrainien Volodymyr Zelensky, \u00e0 gauche, et le pr\u00e9sident fran\u00e7ais Emmanuel Macron, \u00e0 droite, le 1er d\u00e9cembre 2025, \u00e0 l&rsquo;Elys\u00e9e, \u00e0 Paris ( AFP \/ STEPHANE DE SAKUTIN )<\/p>\n<p>\n Volodymyr Zelensky est arriv\u00e9 lundi \u00e0 Paris pour rencontrer Emmanuel Macron et consolider ses soutiens europ\u00e9ens au moment o\u00f9 il est fragilis\u00e9 politiquement et o\u00f9 les Etats-Unis pilotent d&rsquo;intenses tractations diplomatiques pour arr\u00eater la guerre lanc\u00e9e par la Russie contre l&rsquo;Ukraine.\n<\/p>\n<p>\n Le pr\u00e9sident fran\u00e7ais a accueilli son homologue ukrainien aux bas des marches du palais de l&rsquo;Elys\u00e9e vers 11H00 locales (10H00 GMT).\n<\/p>\n<p>\n Volodymyr Zelensky, qui incarne depuis bient\u00f4t quatre ans la r\u00e9sistance ukrainienne \u00e0 l&rsquo;invasion russe \u00e0 grande \u00e9chelle lanc\u00e9e en f\u00e9vrier 2022, est sous une tr\u00e8s forte pression.\n<\/p>\n<p>\n Les forces russes continuent inexorablement leur lente progression dans l&rsquo;est du pays, \u00e9rodant l&rsquo;arm\u00e9e ukrainienne. Le gouvernement est \u00e9clabouss\u00e9 par un important scandale de corruption, qui a contraint Volodymyr Zelensky a limog\u00e9 son \u00e9minence grise, son chef de cabinet Andri\u00ef Iermak.\n<\/p>\n<\/p>\n<p>\n Enfin, Kiev tente de pr\u00e9server ses int\u00e9r\u00eats dans l&rsquo;intense va-et-vient diplomatique anim\u00e9 par les Etats-Unis, qui n\u00e9gocient s\u00e9par\u00e9ment avec les Russes et les Ukrainiens pour trouver une issue \u00e0 la guerre.\n<\/p>\n<p>\n La semaine qui s&rsquo;ouvre s&rsquo;annonce \u00ab\u00a0cruciale\u00a0\u00bb pour l&rsquo;Ukraine, a affirm\u00e9 lundi la cheffe de la diplomatie de l&rsquo;Union europ\u00e9enne Kaja Kallas, avant une r\u00e9union des ministres de la D\u00e9fense de l&rsquo;UE \u00e0 Bruxelles. Les Europ\u00e9ens esp\u00e8rent que l&rsquo;administration Trump, qu&rsquo;ils soup\u00e7onnent de complaisance vis-\u00e0-vis de Vladimir Poutine, ne sacrifiera pas l&rsquo;Ukraine, consid\u00e9r\u00e9e comme un rempart face aux ambitions russes.\n<\/p>\n<p>\n M. Zelensky s&rsquo;est depuis dimanche entretenu avec plusieurs responsables europ\u00e9ens sur ces n\u00e9gociations, dont deux fois avec le pr\u00e9sident finlandais Alexander Stubb, qui entretient de bonnes relations avec Donald Trump.\n<\/p>\n<p>        <img decoding=\"async\" src=\"https:\/\/www.europesays.com\/fr\/wp-content\/uploads\/2025\/12\/31601b48021e68d87062c38093279e38-760x506.jpg\" alt=\"Le pr\u00e9sident ukrainien Volodymyr Zelensky, \u00e0 gauche, et le pr\u00e9sident fran\u00e7ais Emmanuel Macron, \u00e0 droite, le 1er d\u00e9cembre 2025, \u00e0 l'Elys\u00e9e, \u00e0 Paris ( POOL \/ POOL )\" loading=\"eager\" fetchpriority=\"high\" width=\"760\" height=\"506\" style=\"max-width: 100%!important; height: auto;\"\/><\/p>\n<p class=\"c-image-news__legend\">Le pr\u00e9sident ukrainien Volodymyr Zelensky, \u00e0 gauche, et le pr\u00e9sident fran\u00e7ais Emmanuel Macron, \u00e0 droite, le 1er d\u00e9cembre 2025, \u00e0 l&rsquo;Elys\u00e9e, \u00e0 Paris ( POOL \/ POOL )<\/p>\n<p>\n Les Etats-Unis ont pr\u00e9sent\u00e9 il y a dix jours un premier projet en 28 points tr\u00e8s favorable \u00e0 Moscou, r\u00e9dig\u00e9 sans les alli\u00e9s europ\u00e9ens de Kiev, cens\u00e9 mettre fin au conflit d\u00e9clench\u00e9 par l&rsquo;offensive russe contre l&rsquo;Ukraine en f\u00e9vrier 2022.\n<\/p>\n<p>\n Washington a ensuite amend\u00e9 ce projet avec les Ukrainiens et les Europ\u00e9ens \u00e0 Gen\u00e8ve, avant de retravailler dessus en bilat\u00e9ral avec les Ukrainiens dimanche en Floride.\n<\/p>\n<p>\n L&rsquo;\u00e9missaire am\u00e9ricain Steve Witkoff se rendra \u00e0 Moscou pour rediscuter le projet et rencontrera Vladimir Poutine mardi apr\u00e8s-midi, selon le Kremlin.\n<\/p>\n<p> &#8211; Discussions \u00ab\u00a0productives\u00a0\u00bb &#8211;<\/p>\n<p>\n Dimanche, les discussions am\u00e9ricano-ukrainiennes en Floride ont \u00e9t\u00e9 jug\u00e9es \u00ab\u00a0productives\u00a0\u00bb par les deux parties, mais le secr\u00e9taire d&rsquo;Etat Marco Rubio a pr\u00e9venu qu'\u00a0\u00bbil restait encore du travail\u00a0\u00bb.\n<\/p>\n<p>\n \u00ab\u00a0Il reste quelques points \u00e9pineux \u00e0 r\u00e9gler. Nos repr\u00e9sentants rentreront en Europe dans les prochains jours et, apr\u00e8s avoir discut\u00e9 avec eux et re\u00e7u un compte rendu complet des n\u00e9gociations, nous d\u00e9ciderons de la suite de nos actions\u00a0\u00bb, a d\u00e9clar\u00e9 lundi sur X Volodymyr Zelensky.\n<\/p>\n<\/p>\n<p>\n Le pr\u00e9sident Donald Trump a, lui, affich\u00e9 son optimisme, estimant que Russie et Ukraine souhaitaient mettre fin au conflit, tout en soulignant que Kiev n&rsquo;\u00e9tait pas en position de force en raison du scandale de corruption qui secoue le gouvernement.\n<\/p>\n<p>\n Sur le terrain, Moscou exerce une pression militaire sur Kiev: son arm\u00e9e progresse dans l&rsquo;est de l&rsquo;Ukraine et les frappes de drones et de missiles sur les arri\u00e8res de la zone de front, destin\u00e9es notamment \u00e0 saper le moral des populations, ne faiblissent pas.\n<\/p>\n<p>\n L&rsquo;Ukraine a elle revendiqu\u00e9 samedi l&rsquo;attaque par des drones navals de deux p\u00e9troliers de la flotte fant\u00f4me russe en mer Noire. Ces engins ont \u00e9galement \u00e9t\u00e9 lanc\u00e9s contre un terminal p\u00e9trolier dans le port russe de Novorossi\u00efsk.\n<\/p>\n<p>\n En France, M. Zelensky doit \u00eatre accompagn\u00e9 par son \u00e9pouse Olena Zelenska pour un \u00e9v\u00e9nement autour de l&rsquo;initiative \u00ab\u00a0Bring kids back\u00a0\u00bb (\u00ab\u00a0Ramenez les enfants\u00a0\u00bb), dont elle est la marraine.\n<\/p>\n<p>\n Cette initiative \u00ab\u00a0a permis de ramener pr\u00e8s de 2.000 enfants ukrainiens arrach\u00e9s \u00e0 leur famille par la Russie\u00a0\u00bb, a soulign\u00e9 le ministre fran\u00e7ais des Affaires \u00e9trang\u00e8res Jean-No\u00ebl Barrot, en rappelant que \u00ab\u00a0ce crime de guerre odieux vaut \u00e0 Vladimir Poutine son mandat d&rsquo;arr\u00eat de la Cour p\u00e9nale internationale\u00a0\u00bb.\n<\/p>\n<p>\n Le pr\u00e9sident ukrainien se rendra ensuite mardi en Irlande pour sa premi\u00e8re visite dans ce pays neutre.<\/p>\n","protected":false},"excerpt":{"rendered":"Le pr\u00e9sident ukrainien Volodymyr Zelensky, \u00e0 gauche, et le pr\u00e9sident fran\u00e7ais Emmanuel Macron, \u00e0 droite, le 1er d\u00e9cembre&hellip;\n","protected":false},"author":2,"featured_media":570803,"comment_status":"","ping_status":"","sticky":false,"template":"","format":"standard","meta":{"footnotes":""},"categories":[1888],"tags":[400,11,398,408,405,1777,674,1011,27,403,402,399,404,12,626,25,401,406,407],"class_list":{"0":"post-570802","1":"post","2":"type-post","3":"status-publish","4":"format-standard","5":"has-post-thumbnail","7":"category-paris","8":"tag-action-cac-40","9":"tag-actualites","10":"tag-bourse-de-paris","11":"tag-boursorama","12":"tag-cotations","13":"tag-eu","14":"tag-europe","15":"tag-fr","16":"tag-france","17":"tag-indices-devises","18":"tag-investir","19":"tag-investissement","20":"tag-marche-boursier","21":"tag-news","22":"tag-paris","23":"tag-republique-francaise","24":"tag-sicav","25":"tag-trackers","26":"tag-warrants"},"share_on_mastodon":{"url":"https:\/\/pubeurope.com\/@fr\/115644060275498541","error":""},"_links":{"self":[{"href":"https:\/\/www.europesays.com\/fr\/wp-json\/wp\/v2\/posts\/570802","targetHints":{"allow":["GET"]}}],"collection":[{"href":"https:\/\/www.europesays.com\/fr\/wp-json\/wp\/v2\/posts"}],"about":[{"href":"https:\/\/www.europesays.com\/fr\/wp-json\/wp\/v2\/types\/post"}],"author":[{"embeddable":true,"href":"https:\/\/www.europesays.com\/fr\/wp-json\/wp\/v2\/users\/2"}],"replies":[{"embeddable":true,"href":"https:\/\/www.europesays.com\/fr\/wp-json\/wp\/v2\/comments?post=570802"}],"version-history":[{"count":0,"href":"https:\/\/www.europesays.com\/fr\/wp-json\/wp\/v2\/posts\/570802\/revisions"}],"wp:featuredmedia":[{"embeddable":true,"href":"https:\/\/www.europesays.com\/fr\/wp-json\/wp\/v2\/media\/570803"}],"wp:attachment":[{"href":"https:\/\/www.europesays.com\/fr\/wp-json\/wp\/v2\/media?parent=570802"}],"wp:term":[{"taxonomy":"category","embeddable":true,"href":"https:\/\/www.europesays.com\/fr\/wp-json\/wp\/v2\/categories?post=570802"},{"taxonomy":"post_tag","embeddable":true,"href":"https:\/\/www.europesays.com\/fr\/wp-json\/wp\/v2\/tags?post=570802"}],"curies":[{"name":"wp","href":"https:\/\/api.w.org\/{rel}","templated":true}]}}