{"id":570804,"date":"2025-12-01T11:24:19","date_gmt":"2025-12-01T11:24:19","guid":{"rendered":"https:\/\/www.europesays.com\/fr\/570804\/"},"modified":"2025-12-01T11:24:19","modified_gmt":"2025-12-01T11:24:19","slug":"direct-treve-en-ukraine-macron-echange-avec-zelensky-sur-les-conditions-dune-paix-juste-et-durable","status":"publish","type":"post","link":"https:\/\/www.europesays.com\/fr\/570804\/","title":{"rendered":"DIRECT &#8211; Tr\u00eave en Ukraine : Macron \u00e9change avec Zelensky \u00ab sur les conditions d\u2019une paix juste et durable \u00bb"},"content":{"rendered":"<p>Plan am\u00e9ricain :\u00a0\u00ab\u00a0Il reste quelques points \u00e9pineux \u00e0 r\u00e9gler\u00a0\u00bb, estime\u00a0Zelensky<\/p>\n<p>Dimanche, les discussions am\u00e9ricano-ukrainiennes en Floride ont \u00e9t\u00e9 jug\u00e9es \u00ab\u00a0productives\u00a0\u00bb par les deux parties, mais le secr\u00e9taire d&rsquo;Etat Marco Rubio a pr\u00e9venu qu'\u00a0\u00bbil restait encore du travail\u00a0\u00bb. \u00ab\u00a0Il reste quelques points \u00e9pineux \u00e0 r\u00e9gler. Nos repr\u00e9sentants rentreront en Europe dans les prochains jours et, apr\u00e8s avoir discut\u00e9 avec eux et re\u00e7u un compte rendu complet des n\u00e9gociations, nous d\u00e9ciderons de la suite de nos actions\u00a0\u00bb, a d\u00e9clar\u00e9 lundi sur X Volodymyr Zelensky.<\/p>\n","protected":false},"excerpt":{"rendered":"Plan am\u00e9ricain :\u00a0\u00ab\u00a0Il reste quelques points \u00e9pineux \u00e0 r\u00e9gler\u00a0\u00bb, estime\u00a0Zelensky Dimanche, les discussions am\u00e9ricano-ukrainiennes en Floride ont \u00e9t\u00e9&hellip;\n","protected":false},"author":2,"featured_media":570805,"comment_status":"","ping_status":"","sticky":false,"template":"","format":"standard","meta":{"footnotes":""},"categories":[1591],"tags":[11,1073,765,1887,27,131,2069,74,12,1885,1886,132,220,134],"class_list":{"0":"post-570804","1":"post","2":"type-post","3":"status-publish","4":"format-standard","5":"has-post-thumbnail","7":"category-russie","8":"tag-actualites","9":"tag-emmanuel-macron","10":"tag-en-continu","11":"tag-federation-de-russie","12":"tag-france","13":"tag-guerre-en-ukraine","14":"tag-guerre-ukraine-russie","15":"tag-monde","16":"tag-news","17":"tag-russia","18":"tag-russian-federation","19":"tag-russie","20":"tag-ukraine","21":"tag-volodymyr-zelensky"},"share_on_mastodon":{"url":"https:\/\/pubeurope.com\/@fr\/115644063044785827","error":""},"_links":{"self":[{"href":"https:\/\/www.europesays.com\/fr\/wp-json\/wp\/v2\/posts\/570804","targetHints":{"allow":["GET"]}}],"collection":[{"href":"https:\/\/www.europesays.com\/fr\/wp-json\/wp\/v2\/posts"}],"about":[{"href":"https:\/\/www.europesays.com\/fr\/wp-json\/wp\/v2\/types\/post"}],"author":[{"embeddable":true,"href":"https:\/\/www.europesays.com\/fr\/wp-json\/wp\/v2\/users\/2"}],"replies":[{"embeddable":true,"href":"https:\/\/www.europesays.com\/fr\/wp-json\/wp\/v2\/comments?post=570804"}],"version-history":[{"count":0,"href":"https:\/\/www.europesays.com\/fr\/wp-json\/wp\/v2\/posts\/570804\/revisions"}],"wp:featuredmedia":[{"embeddable":true,"href":"https:\/\/www.europesays.com\/fr\/wp-json\/wp\/v2\/media\/570805"}],"wp:attachment":[{"href":"https:\/\/www.europesays.com\/fr\/wp-json\/wp\/v2\/media?parent=570804"}],"wp:term":[{"taxonomy":"category","embeddable":true,"href":"https:\/\/www.europesays.com\/fr\/wp-json\/wp\/v2\/categories?post=570804"},{"taxonomy":"post_tag","embeddable":true,"href":"https:\/\/www.europesays.com\/fr\/wp-json\/wp\/v2\/tags?post=570804"}],"curies":[{"name":"wp","href":"https:\/\/api.w.org\/{rel}","templated":true}]}}