{"id":570810,"date":"2025-12-01T11:28:31","date_gmt":"2025-12-01T11:28:31","guid":{"rendered":"https:\/\/www.europesays.com\/fr\/570810\/"},"modified":"2025-12-01T11:28:31","modified_gmt":"2025-12-01T11:28:31","slug":"lallemagne-demande-a-lue-de-revoir-linterdiction-des-vehicules-non-electriques-neufs-prevue-en-2035","status":"publish","type":"post","link":"https:\/\/www.europesays.com\/fr\/570810\/","title":{"rendered":"L&rsquo;Allemagne demande \u00e0 l&rsquo;UE de revoir l&rsquo;interdiction des v\u00e9hicules non-\u00e9lectriques neufs pr\u00e9vue en 2035"},"content":{"rendered":"<p>Le chancelier allemand Friedrich Merz a annonc\u00e9 vendredi qu&rsquo;il allait demander dans un courrier officiel \u00e0 l&rsquo;Union europ\u00e9enne la lev\u00e9e de l&rsquo;interdiction de vente des voitures non-\u00e9lectriques neuves pr\u00e9vue pour 2035, afin de soutenir l&rsquo;industrie automobile.<\/p>\n<p>La r\u00e9glementation, mesure embl\u00e9matique du <a href=\"https:\/\/www.geo.fr\/geopolitique\/comment-une-ministre-autrichienne-a-sauve-une-legislation-cle-du-pacte-vert-220784\" rel=\"nofollow noopener\" target=\"_blank\">Pacte vert<\/a> europ\u00e9en, est destin\u00e9e \u00e0 lutter contre le r\u00e9chauffement climatique, mais le monde de l&rsquo;automobile estime impossible de passer au tout \u00e9lectrique \u00e0 cause du co\u00fbt de cette \u00e9volution et du d\u00e9fi technologique que cela repr\u00e9sente.<\/p>\n<p>Mais la <a href=\"https:\/\/www.geo.fr\/environnement\/guerre-commerciale-la-chine-replique-aux-droits-de-douane-sur-ses-voitures-electriques-en-taxant-les-produits-agricoles-occidentaux-229596\" rel=\"nofollow noopener\" target=\"_blank\">Chine<\/a> a pris une longueur d&rsquo;avance, produisant des <a href=\"https:\/\/www.geo.fr\/environnement\/en-australie-la-penurie-de-mecaniciens-qualifies-pousse-les-assureurs-a-mettre-prematurement-au-rebut-des-vehicules-electriques-219964\" rel=\"nofollow noopener\" target=\"_blank\">v\u00e9hicules \u00e9lectriques<\/a> moins chers que les g\u00e9ants allemands.<\/p>\n<p>Une prime \u00e0 l&rsquo;achat de 3 000 euros<\/p>\n<p>\u00c0 l&rsquo;issue d&rsquo;une r\u00e9union nocturne de la coalition gouvernementale allemande, Friedrich Merz a annonc\u00e9 qu&rsquo;il enverra vendredi \u00ab\u00a0une lettre \u00e0 la pr\u00e9sidente de la Commission europ\u00e9enne\u00a0\u00bb Ursula von der Leyen pour lui demander \u00ab\u00a0d&rsquo;ajuster et de corriger la r\u00e9glementation sur la mobilit\u00e9\u00a0\u00bb.<\/p>\n<p>\u00ab\u00a0Je vais demander que la Commission autorise apr\u00e8s 2035 les v\u00e9hicules \u00e9lectriques mais aussi toujours les v\u00e9hicules \u00e0 propulsion hybride\u00a0\u00bb rechargeables, a-t-il dit, avant de r\u00e9clamer aussi \u00ab\u00a0l&rsquo;homologation de moteurs thermiques \u00e0 tr\u00e8s haute efficacit\u00e9\u00a0\u00bb et des prolongateurs d&rsquo;autonomie.<\/p>\n<p>Selon lui, il s&rsquo;agit de mieux faire correspondre les objectifs climatiques de r\u00e9duction des \u00e9missions, \u00ab\u00a0la comp\u00e9titivit\u00e9 de l&rsquo;industrie automobile europ\u00e9enne\u00a0\u00bb et la pr\u00e9servation de l&#8217;emploi.<\/p>\n<p>La coalition au pouvoir en <a href=\"https:\/\/www.geo.fr\/geopolitique\/elections-en-allemagne-le-parti-extreme-droite-afd-va-t-il-emparer-du-pouvoir-christian-lindner-olaf-scholz-218524\" rel=\"nofollow noopener\" target=\"_blank\">Allemagne<\/a>, r\u00e9unissant conservateurs et sociaux-d\u00e9mocrates, a en outre d\u00e9cid\u00e9 d&rsquo;une prime \u00e0 l&rsquo;achat de v\u00e9hicules hybrides rechargeables et \u00e9lectriques d&rsquo;au moins 3 000 euros pour \u00ab\u00a0les m\u00e9nages \u00e0 revenus moyens et faibles\u00a0\u00bb.<\/p>\n<p>C&rsquo;est le 10 d\u00e9cembre que la Commission a pr\u00e9vu d&rsquo;annoncer des mesures pour soulager le secteur automobile et l&rsquo;aider dans sa transition vers la <a href=\"https:\/\/www.geo.fr\/environnement\/decarbonation-l-industrie-francaise-va-doubler-sa-consommation-d-electricite-d-ici-a-2050-223815\" rel=\"nofollow noopener\" target=\"_blank\">d\u00e9carbonation<\/a>.<\/p>\n<p>L&rsquo;UE et l&rsquo;Allemagne dans l&rsquo;impasse face aux v\u00e9hicules \u00e9lectriques chinois<\/p>\n<p>Mercredi, \u00e0 l&rsquo;occasion d&rsquo;une r\u00e9union en <a href=\"https:\/\/www.geo.fr\/geopolitique\/l-allemagne-et-le-royaume-uni-sallient-pour-developper-un-missile-europeen-a-tres-longue-portee-226581\" rel=\"nofollow noopener\" target=\"_blank\">Allemagne<\/a> du secteur de l&rsquo;automobile, le vice-pr\u00e9sident de la Commission europ\u00e9enne St\u00e9phane S\u00e9journ\u00e9 a laiss\u00e9 entendre que l&rsquo;UE pourrait revoir l&rsquo;interdiction de la vente de v\u00e9hicules neufs \u00e0 moteurs thermiques en 2035.<\/p>\n<p>L&rsquo;\u00e9conomie allemande est en crise, naviguant entre r\u00e9cession et stagnation. Elle est min\u00e9e par le co\u00fbt de l&rsquo;\u00e9nergie, un manque d&rsquo;innovation, la concurrence chinoise, les tarifs douaniers am\u00e9ricains et des barri\u00e8res bureaucratiques jug\u00e9es trop lourdes par les entreprises.<\/p>\n<p>De son c\u00f4t\u00e9, L&rsquo;<a href=\"https:\/\/www.geo.fr\/geopolitique\/pour-lutter-contre-la-desinformation-l-ue-planche-sur-un-viginum-europeen-229430\" rel=\"nofollow noopener\" target=\"_blank\">UE<\/a>, confront\u00e9e \u00e0 une \u00e9conomie morose dans tout le bloc, pr\u00e9pare des mesures pour assouplir une s\u00e9rie de r\u00e9glementations afin de relancer l&rsquo;industrie et rattraper le retard pris dans l&rsquo;intelligence artificielle.<\/p>\n","protected":false},"excerpt":{"rendered":"Le chancelier allemand Friedrich Merz a annonc\u00e9 vendredi qu&rsquo;il allait demander dans un courrier officiel \u00e0 l&rsquo;Union europ\u00e9enne&hellip;\n","protected":false},"author":2,"featured_media":570811,"comment_status":"","ping_status":"","sticky":false,"template":"","format":"standard","meta":{"footnotes":""},"categories":[1587],"tags":[11,672,646,1804,1129,1805,1803,1777,674,1801,12,1802,8904,1778],"class_list":{"0":"post-570810","1":"post","2":"type-post","3":"status-publish","4":"format-standard","5":"has-post-thumbnail","7":"category-allemagne","8":"tag-actualites","9":"tag-allemagne","10":"tag-automobile","11":"tag-bundesrepublik-deutschland","12":"tag-climat","13":"tag-de","14":"tag-deutschland","15":"tag-eu","16":"tag-europe","17":"tag-germany","18":"tag-news","19":"tag-republique-federale-dallemagne","20":"tag-u00e9nergie","21":"tag-ue"},"share_on_mastodon":{"url":"https:\/\/pubeurope.com\/@fr\/115644078844905038","error":""},"_links":{"self":[{"href":"https:\/\/www.europesays.com\/fr\/wp-json\/wp\/v2\/posts\/570810","targetHints":{"allow":["GET"]}}],"collection":[{"href":"https:\/\/www.europesays.com\/fr\/wp-json\/wp\/v2\/posts"}],"about":[{"href":"https:\/\/www.europesays.com\/fr\/wp-json\/wp\/v2\/types\/post"}],"author":[{"embeddable":true,"href":"https:\/\/www.europesays.com\/fr\/wp-json\/wp\/v2\/users\/2"}],"replies":[{"embeddable":true,"href":"https:\/\/www.europesays.com\/fr\/wp-json\/wp\/v2\/comments?post=570810"}],"version-history":[{"count":0,"href":"https:\/\/www.europesays.com\/fr\/wp-json\/wp\/v2\/posts\/570810\/revisions"}],"wp:featuredmedia":[{"embeddable":true,"href":"https:\/\/www.europesays.com\/fr\/wp-json\/wp\/v2\/media\/570811"}],"wp:attachment":[{"href":"https:\/\/www.europesays.com\/fr\/wp-json\/wp\/v2\/media?parent=570810"}],"wp:term":[{"taxonomy":"category","embeddable":true,"href":"https:\/\/www.europesays.com\/fr\/wp-json\/wp\/v2\/categories?post=570810"},{"taxonomy":"post_tag","embeddable":true,"href":"https:\/\/www.europesays.com\/fr\/wp-json\/wp\/v2\/tags?post=570810"}],"curies":[{"name":"wp","href":"https:\/\/api.w.org\/{rel}","templated":true}]}}