{"id":570812,"date":"2025-12-01T11:29:15","date_gmt":"2025-12-01T11:29:15","guid":{"rendered":"https:\/\/www.europesays.com\/fr\/570812\/"},"modified":"2025-12-01T11:29:15","modified_gmt":"2025-12-01T11:29:15","slug":"en-decembre-double-dose-de-cauet-sur-europe-2","status":"publish","type":"post","link":"https:\/\/www.europesays.com\/fr\/570812\/","title":{"rendered":"En d\u00e9cembre, double dose de Cauet sur Europe 2"},"content":{"rendered":"<p>\t\t\t\t\t C&rsquo;est No\u00ebl avant l&rsquo;heure sur Europe 2 ! D\u00e8s aujourd&rsquo;hui, S\u00e9bastien Cauet et son \u00e9quipe prennent les r\u00eanes des apr\u00e8s-midis d&rsquo;Europe 2 pour une \u00e9mission exceptionnelle : Les calendriers de l&rsquo;Avent de Cauet. <\/p>\n<p>Chaque jour, en direct entre 15h30 et 18h, S\u00e9bastien Cauet et ses complices prennent l&rsquo;antenne pour accompagner les auditeurs jusqu&rsquo;\u00e0 No\u00ebl, avec humour et g\u00e9n\u00e9rosit\u00e9. Jusqu&rsquo;au mercredi 24 d\u00e9cembre, la joyeuse bande propose un programme chaleureux, festif et totalement impr\u00e9visible : surprises quotidiennes, happenings, s\u00e9quences d\u00e9cal\u00e9es\u2026 Durant 2h30 d&rsquo;\u00e9mission, ils invitent les auditeurs \u00e0 jouer pour leur offrir une avalanche de cadeaux, mis en jeu \u00e0 la mani\u00e8re d\u2019un v\u00e9ritable calendrier de l\u2019Avent. <\/p>\n<p>Le 13 novembre dernier, M\u00e9diam\u00e9trie a publi\u00e9 les audiences radio sur la p\u00e9riode Septembre-Octobre 2025. Sur cette vague, Europe 2 gagne 116 000 auditeurs en un an, port\u00e9 notamment par l&rsquo;arriv\u00e9e de S\u00e9bastien Cauet, figure incontournable et cr\u00e9ateur de moments cultes. Entre 7h et 11h, l&rsquo;animateur enregistre les plus fortes progressions d&rsquo;auditeurs (+125 000) et de part d&rsquo;audience dans l&rsquo;univers des radios musicales. La station signe \u00e9galement sa meilleure dur\u00e9e d&rsquo;\u00e9coute depuis 20 ans, soit +18 minutes en 1 an et la plus forte hausse des musicale. <\/p>\n<p>\u00ab Avec une double dose de Cauet, Europe 2 g\u00e2te ses auditeurs avant No\u00ebl ! L&rsquo;arriv\u00e9e de S\u00e9bastien \u00e0 la matinale de la Pop Radio est un grand succ\u00e8s d\u2019audience. Nous sommes donc ravis de lui confier \u00e9galement les apr\u00e8s-midis du mois de d\u00e9cembre pour une \u00e9mission anti-crise avant No\u00ebl. Il accompagnera, avec la bonne humeur et le talent qu&rsquo;on lui conna\u00eet, les auditeurs dans cette p\u00e9riode de c\u00e9l\u00e9brations. Et \u00e9videmment, pas de No\u00ebl sans cadeaux, Cauet sera tr\u00e8s g\u00e9n\u00e9reux. \u00bb <strong>d\u00e9clare ainsi Alain Liberty, Directeur G\u00e9n\u00e9ral des radios musicales de Lagard\u00e8re Radio.<\/strong> <\/p>\n<p><strong>En d\u00e9tails<\/strong> <br \/><strong>\u00ab Cauet sur Europe 2 \u00bb en direct de 7h \u00e0 11h <br \/>\u00ab Les calendriers de l&rsquo;Avent de Cauet \u00bb en direct de 15h30 \u00e0 18h<\/strong>\n\t\t\t\t <\/p>\n","protected":false},"excerpt":{"rendered":"C&rsquo;est No\u00ebl avant l&rsquo;heure sur Europe 2 ! D\u00e8s aujourd&rsquo;hui, S\u00e9bastien Cauet et son \u00e9quipe prennent les r\u00eanes&hellip;\n","protected":false},"author":2,"featured_media":570813,"comment_status":"","ping_status":"","sticky":false,"template":"","format":"standard","meta":{"footnotes":""},"categories":[1586],"tags":[11,1777,674,9101,1011,27,12,25],"class_list":{"0":"post-570812","1":"post","2":"type-post","3":"status-publish","4":"format-standard","5":"has-post-thumbnail","7":"category-europe","8":"tag-actualites","9":"tag-eu","10":"tag-europe","11":"tag-europe-2","12":"tag-fr","13":"tag-france","14":"tag-news","15":"tag-republique-francaise"},"share_on_mastodon":{"url":"https:\/\/pubeurope.com\/@fr\/115644082794789377","error":""},"_links":{"self":[{"href":"https:\/\/www.europesays.com\/fr\/wp-json\/wp\/v2\/posts\/570812","targetHints":{"allow":["GET"]}}],"collection":[{"href":"https:\/\/www.europesays.com\/fr\/wp-json\/wp\/v2\/posts"}],"about":[{"href":"https:\/\/www.europesays.com\/fr\/wp-json\/wp\/v2\/types\/post"}],"author":[{"embeddable":true,"href":"https:\/\/www.europesays.com\/fr\/wp-json\/wp\/v2\/users\/2"}],"replies":[{"embeddable":true,"href":"https:\/\/www.europesays.com\/fr\/wp-json\/wp\/v2\/comments?post=570812"}],"version-history":[{"count":0,"href":"https:\/\/www.europesays.com\/fr\/wp-json\/wp\/v2\/posts\/570812\/revisions"}],"wp:featuredmedia":[{"embeddable":true,"href":"https:\/\/www.europesays.com\/fr\/wp-json\/wp\/v2\/media\/570813"}],"wp:attachment":[{"href":"https:\/\/www.europesays.com\/fr\/wp-json\/wp\/v2\/media?parent=570812"}],"wp:term":[{"taxonomy":"category","embeddable":true,"href":"https:\/\/www.europesays.com\/fr\/wp-json\/wp\/v2\/categories?post=570812"},{"taxonomy":"post_tag","embeddable":true,"href":"https:\/\/www.europesays.com\/fr\/wp-json\/wp\/v2\/tags?post=570812"}],"curies":[{"name":"wp","href":"https:\/\/api.w.org\/{rel}","templated":true}]}}