{"id":570822,"date":"2025-12-01T11:36:15","date_gmt":"2025-12-01T11:36:15","guid":{"rendered":"https:\/\/www.europesays.com\/fr\/570822\/"},"modified":"2025-12-01T11:36:15","modified_gmt":"2025-12-01T11:36:15","slug":"serge-petiot-jette-leponge-apres-sept-annees-despoir-et-de-lutte","status":"publish","type":"post","link":"https:\/\/www.europesays.com\/fr\/570822\/","title":{"rendered":"Serge Petiot jette l\u2019\u00e9ponge apr\u00e8s sept ann\u00e9es d\u2019espoir et de lutte"},"content":{"rendered":"<p>Durant sept ann\u00e9es, il aura donc port\u00e9 cet ambitieux projet \u00e0 bout de bras, frapp\u00e9 \u00e0 toutes les portes, expliqu\u00e9 encore et encore tout l\u2019int\u00e9r\u00eat de cette nouvelle salle qu\u2019il voulait ultramoderne et d\u00e9di\u00e9e &#8211; entre autres &#8211; au volley-ball. Las, <a href=\"https:\/\/www.estrepublicain.fr\/sport\/2021\/04\/18\/serge-petiot-un-capitaine-d-entreprise-aux-commandes-du-grand-nancy-volley\" target=\"_blank\" rel=\"noopener\">Serge Petiot<\/a> a d\u00e9cid\u00e9 de jeter l\u2019\u00e9ponge. \u00ab\u00a0J\u2019ai le sentiment qu\u2019on m\u2019a promen\u00e9 durant toutes ces ann\u00e9es. Les collectivit\u00e9s ne veulent pas s\u2019engager, il n\u2019y a pas de volont\u00e9 r\u00e9elle de leur part.\u00a0J\u2019ai sans doute \u00e9t\u00e9 na\u00eff\u00a0\u00bb, conc\u00e8de-t-il, visiblement affect\u00e9 par ce renoncement.<\/p>\n<p>Une d\u00e9cision difficile prise suite \u00e0 une r\u00e9union en pr\u00e9fecture, mi-septembre, o\u00f9 toutes les parties prenantes \u00e9taient r\u00e9unies autour du nouveau pr\u00e9fet de Meurthe-et-Moselle, Yves S\u00e9guy, d\u00e9sireux de faire un point complet sur le dossier. \u00ab\u00a0Tout le monde \u00e9tait l\u00e0. Il y avait les gens de la M\u00e9tropole, de la Grande R\u00e9gion, de Jeunesse et Sport\u2026 Mais lorsque le pr\u00e9fet a demand\u00e9 \u00e0 chacun de s\u2019engager, tout le monde est rest\u00e9 muet.\u00a0\u00bb<\/p>\n<p>  Une capacit\u00e9 revue \u00e0 la baisse<\/p>\n<p>Alors que le projet initial d\u2019\u00ab\u00a0arena\u00a0\u00bb, tout pr\u00e8s d\u2019aboutir, devait pouvoir accueillir <a href=\"https:\/\/www.estrepublicain.fr\/sport\/2019\/10\/07\/une-arena-de-2-500-places-pour-le-nancy-volley\" target=\"_blank\" rel=\"noopener\">2.500 spectateurs sur le site d\u2019ARTEM<\/a> &#8211; o\u00f9, ironie du sort, une \u00e9tude de faisabilit\u00e9 vient d\u2019\u00eatre lanc\u00e9e pour la cr\u00e9ation d\u2019un\u2026 nouveau gymnase\u00a0! -, il a \u00e9t\u00e9 modifi\u00e9 \u00e0 plusieurs reprises, au gr\u00e9 d\u2019al\u00e9as politiques et administratifs.\u00a0Alors que les sites de l\u2019ancien coll\u00e8ge Louis-Armand ou de la plaine Flageul avaient \u00e9t\u00e9 un temps \u00e9voqu\u00e9s, c\u2019est <a href=\"https:\/\/www.estrepublicain.fr\/sport\/2023\/12\/19\/une-nouvelle-salle-dediee-au-volley-bientot-construite-a-vandoeuvre\" target=\"_blank\" rel=\"noopener\">sur le terrain de la caserne Faron, \u00e0 Vandoeuvre, que le projet a r\u00e9ellement rebondi<\/a>. Avec une salle plus petite (1.500 places) mais plac\u00e9e au c\u0153ur d\u2019un vaste complexe sportif et immobilier, dont le co\u00fbt total atteignait les 18\u00a0millions d\u2019euros. \u00ab\u00a0Dans ce projet global, il devait y avoir des logements, des locaux commerciaux, des terrains de padel et de pickleball. Le partenariat public\/priv\u00e9, \u00e0 50\/50, ne concernait que la salle dont le montant est \u00e9valu\u00e9 \u00e0 12\u00a0millions\u00a0\u00bb, pr\u00e9cise le pr\u00e9sident du Grand Nancy Volley. D\u00e9sormais bien conscient qu\u2019en ces temps de crise budg\u00e9taire, les 6\u00a0millions initialement promis par les collectivit\u00e9s ne seront jamais r\u00e9unis.<\/p>\n<p>  \u00ab\u00a0J\u2019ai d\u00e9j\u00e0 d\u00e9pens\u00e9 de l\u2019ordre de 200.000 \u20ac\u00a0\u00bb<\/p>\n<p>\u00ab\u00a0Depuis un petit moment, mes proches me disaient de l\u00e2cher. Il faut savoir \u00eatre raisonnable. J\u2019ai d\u00e9j\u00e0 d\u00e9pens\u00e9 de l\u2019ordre de 200.000 \u20ac en bureaux d\u2019\u00e9tudes, architectes, avocat, expertises techniques\u2026 Cela fait sept ann\u00e9es que je me bats\u00a0; un projet comme celui-l\u00e0, il en faudrait quatre de plus pour le r\u00e9aliser. Et je vais avoir 72 ans\u2026\u00a0\u00bb, pointe Serge Petiot. \u00ab\u00a0Lorsque j\u2019ai pris la d\u00e9cision de tout arr\u00eater, \u00e7a m\u2019a soulag\u00e9\u2026 M\u00eame si aujourd\u2019hui, c\u2019est dur \u00e0 accepter. Je suis d\u00e9\u00e7u pour tous les gens impliqu\u00e9s dans le projet, que j\u2019avais emmen\u00e9s avec moi.\u00a0\u00bb<\/p>\n<p>N\u00e9anmoins, il rassure\u00a0: il ne l\u00e2chera pas pour autant pas <a href=\"https:\/\/www.estrepublicain.fr\/sport\/2024\/11\/14\/pour-la-ligue-a-il-faudrait-porter-notre-budget-de-900-000-a-1-5-million-annonce-serge-petiot-president-du-grand-nancy-volley\" target=\"_blank\" rel=\"noopener\">la barre de \u00ab\u00a0son\u00a0\u00bb club<\/a>. \u00ab\u00a0Cet \u00e9quipement me paraissait indispensable pour avoir de grandes ambitions sportives et \u00eatre autonomes. Mais sans lui, nous sommes tout de m\u00eame capables de faire vivre le Grand Nancy Volley \u00e0 haut niveau.\u00a0\u00bb<\/p>\n","protected":false},"excerpt":{"rendered":"Durant sept ann\u00e9es, il aura donc port\u00e9 cet ambitieux projet \u00e0 bout de bras, frapp\u00e9 \u00e0 toutes les&hellip;\n","protected":false},"author":2,"featured_media":570823,"comment_status":"","ping_status":"","sticky":false,"template":"","format":"standard","meta":{"footnotes":""},"categories":[1417],"tags":[1704,1011,27,20543,6364,517,1700,60,5711,1470,1632,1469],"class_list":{"0":"post-570822","1":"post","2":"type-post","3":"status-publish","4":"format-standard","5":"has-post-thumbnail","7":"category-volley","8":"tag-edition-nancy-et-agglomeration","9":"tag-fr","10":"tag-france","11":"tag-grand-nancy-volley-ball","12":"tag-metropole-du-grand-nancy-54b1","13":"tag-sport","14":"tag-sport-lorrain","15":"tag-sports","16":"tag-vandoeuvre-les-nancy","17":"tag-volley","18":"tag-volley-ball","19":"tag-volleyball"},"share_on_mastodon":{"url":"https:\/\/pubeurope.com\/@fr\/115644110514978832","error":""},"_links":{"self":[{"href":"https:\/\/www.europesays.com\/fr\/wp-json\/wp\/v2\/posts\/570822","targetHints":{"allow":["GET"]}}],"collection":[{"href":"https:\/\/www.europesays.com\/fr\/wp-json\/wp\/v2\/posts"}],"about":[{"href":"https:\/\/www.europesays.com\/fr\/wp-json\/wp\/v2\/types\/post"}],"author":[{"embeddable":true,"href":"https:\/\/www.europesays.com\/fr\/wp-json\/wp\/v2\/users\/2"}],"replies":[{"embeddable":true,"href":"https:\/\/www.europesays.com\/fr\/wp-json\/wp\/v2\/comments?post=570822"}],"version-history":[{"count":0,"href":"https:\/\/www.europesays.com\/fr\/wp-json\/wp\/v2\/posts\/570822\/revisions"}],"wp:featuredmedia":[{"embeddable":true,"href":"https:\/\/www.europesays.com\/fr\/wp-json\/wp\/v2\/media\/570823"}],"wp:attachment":[{"href":"https:\/\/www.europesays.com\/fr\/wp-json\/wp\/v2\/media?parent=570822"}],"wp:term":[{"taxonomy":"category","embeddable":true,"href":"https:\/\/www.europesays.com\/fr\/wp-json\/wp\/v2\/categories?post=570822"},{"taxonomy":"post_tag","embeddable":true,"href":"https:\/\/www.europesays.com\/fr\/wp-json\/wp\/v2\/tags?post=570822"}],"curies":[{"name":"wp","href":"https:\/\/api.w.org\/{rel}","templated":true}]}}