{"id":570824,"date":"2025-12-01T11:37:19","date_gmt":"2025-12-01T11:37:19","guid":{"rendered":"https:\/\/www.europesays.com\/fr\/570824\/"},"modified":"2025-12-01T11:37:19","modified_gmt":"2025-12-01T11:37:19","slug":"courtney-lawes-va-t-il-quitter-brive-un-club-de-top-14-a-laffut","status":"publish","type":"post","link":"https:\/\/www.europesays.com\/fr\/570824\/","title":{"rendered":"Courtney Lawes va-t-il quitter Brive ? Un club de Top 14 \u00e0 l&rsquo;aff\u00fbt"},"content":{"rendered":"<p style=\"text-align: justify;\"><strong>TRANSFERTS RUGBY \u2013 Le Stade Fran\u00e7ais envisage de recruter l\u2019Anglais Courtney Lawes (Brive) pour la saison prochaine.<\/strong><\/p>\n<p style=\"text-align: justify;\">Les <strong>Parisiens<\/strong> ont frapp\u00e9 tr\u00e8s t\u00f4t sur le march\u00e9 des transferts en r\u00e9alisant un joli coup pour leur ligne de trois-quarts. L\u2019international <a href=\"https:\/\/dicodusport.fr\/blog\/transferts-alivereti-duguivalu-va-quitter-lusap-pour-un-autre-club-de-top-14\/\" target=\"_blank\" rel=\"noopener\"><strong>Alivereti<\/strong> <strong>Duguivalu<\/strong><\/a> va quitter l\u2019<strong>USAP<\/strong> pour rejoindre la capitale fran\u00e7aise. Mais la semaine pass\u00e9e, le <strong>Stade Fran\u00e7ais<\/strong> a appris une mauvaise nouvelle, avec le d\u00e9part de <a href=\"https:\/\/dicodusport.fr\/blog\/baptiste-pesenti-va-quitter-le-stade-francais-retour-a-la-case-depart-pour-le-deuxieme-ligne\/\" target=\"_blank\" rel=\"noopener\"><strong>Baptiste<\/strong> <strong>Pesenti<\/strong><\/a> vers la <strong>Section<\/strong> <strong>Paloise<\/strong>.<\/p>\n<p>Courtney Lawes au Stade Fran\u00e7ais ?<\/p>\n<p style=\"text-align: justify;\">Le <strong>Stade<\/strong> <strong>Fran\u00e7ais<\/strong> avait pourtant propos\u00e9 une prolongation \u00e0 <strong>Baptiste<\/strong> <strong>Pesenti,<\/strong> qui a pr\u00e9f\u00e9r\u00e9 retourner dans le club qui l\u2019a lanc\u00e9 chez les professionnels. Les Parisiens sont donc en qu\u00eate d\u2019un rempla\u00e7ant, en attendant que les jeunes talents <strong>Setareki<\/strong> <strong>Turagacoke<\/strong> et <strong>Jacques Botha<\/strong> prennent de l\u2019\u00e9paisseur.<\/p>\n<p style=\"text-align: justify;\">Paris aurait coch\u00e9 le nom de <strong>Courtney<\/strong> <strong>Lawes,<\/strong> qui arrive en fin de contrat avec le <strong>CA<\/strong> <strong>Brive<\/strong>. Arriv\u00e9 en 2024 en France, l\u2019international anglais voudrait rester sur les terrains encore au moins une saison de plus. Le <strong>Stade<\/strong> <strong>Fran\u00e7ais<\/strong> pourrait donc miser sur <strong>Courtney<\/strong> <strong>Lawes<\/strong> pour encadrer sa jeune garde pour la saison 2026-2027.<\/p>\n<p>\u00c0 lire aussi<br \/>\n<a href=\"https:\/\/dicodusport.fr\/blog\/transferts-stade-francais-2026-recrues-departs-et-prolongations\/\" class=\"vlp-link\" title=\"Transferts Stade Fran\u00e7ais 2026 : Recrues, d\u00e9parts et prolongations\" target=\"_blank\" rel=\"noopener\"><img loading=\"lazy\" decoding=\"async\" style=\"max-width: 792px;\" width=\"792\" height=\"445\" class=\"attachment-800x445 size-800x445 perfmatters-lazy\" alt=\"Transferts Stade Fran\u00e7ais 2026 Recrues, d\u00e9parts et prolongations\" src=\"https:\/\/www.europesays.com\/fr\/wp-content\/uploads\/2025\/12\/Transferts-Stade-Francais-2026-Recrues-departs-et-prolongations.png\"  data-\/><\/p>\n<p>Transferts Stade Fran\u00e7ais 2026 : Recrues, d\u00e9parts et prolongations<\/p>\n<p>Arriv\u00e9es, d\u00e9parts et prolongations au Stade Fran\u00e7ais.<\/p>\n<p>Lire l&rsquo;article<\/p>\n<p>dicodusport.fr<\/p>\n","protected":false},"excerpt":{"rendered":"TRANSFERTS RUGBY \u2013 Le Stade Fran\u00e7ais envisage de recruter l\u2019Anglais Courtney Lawes (Brive) pour la saison prochaine. Les&hellip;\n","protected":false},"author":2,"featured_media":570825,"comment_status":"","ping_status":"","sticky":false,"template":"","format":"standard","meta":{"footnotes":""},"categories":[1416],"tags":[2113,19053,1011,27,479,1468,60,2558,477],"class_list":{"0":"post-570824","1":"post","2":"type-post","3":"status-publish","4":"format-standard","5":"has-post-thumbnail","7":"category-rugby","8":"tag-breve","9":"tag-brive","10":"tag-fr","11":"tag-france","12":"tag-rugby","13":"tag-rugby-football","14":"tag-sports","15":"tag-stade-francais","16":"tag-transferts-rugby"},"share_on_mastodon":{"url":"https:\/\/pubeurope.com\/@fr\/115644115436942919","error":""},"_links":{"self":[{"href":"https:\/\/www.europesays.com\/fr\/wp-json\/wp\/v2\/posts\/570824","targetHints":{"allow":["GET"]}}],"collection":[{"href":"https:\/\/www.europesays.com\/fr\/wp-json\/wp\/v2\/posts"}],"about":[{"href":"https:\/\/www.europesays.com\/fr\/wp-json\/wp\/v2\/types\/post"}],"author":[{"embeddable":true,"href":"https:\/\/www.europesays.com\/fr\/wp-json\/wp\/v2\/users\/2"}],"replies":[{"embeddable":true,"href":"https:\/\/www.europesays.com\/fr\/wp-json\/wp\/v2\/comments?post=570824"}],"version-history":[{"count":0,"href":"https:\/\/www.europesays.com\/fr\/wp-json\/wp\/v2\/posts\/570824\/revisions"}],"wp:featuredmedia":[{"embeddable":true,"href":"https:\/\/www.europesays.com\/fr\/wp-json\/wp\/v2\/media\/570825"}],"wp:attachment":[{"href":"https:\/\/www.europesays.com\/fr\/wp-json\/wp\/v2\/media?parent=570824"}],"wp:term":[{"taxonomy":"category","embeddable":true,"href":"https:\/\/www.europesays.com\/fr\/wp-json\/wp\/v2\/categories?post=570824"},{"taxonomy":"post_tag","embeddable":true,"href":"https:\/\/www.europesays.com\/fr\/wp-json\/wp\/v2\/tags?post=570824"}],"curies":[{"name":"wp","href":"https:\/\/api.w.org\/{rel}","templated":true}]}}