{"id":57083,"date":"2025-04-27T15:13:08","date_gmt":"2025-04-27T15:13:08","guid":{"rendered":"https:\/\/www.europesays.com\/fr\/57083\/"},"modified":"2025-04-27T15:13:08","modified_gmt":"2025-04-27T15:13:08","slug":"formule-1-grand-prix-de-france-historique-franck-montagny-vingt-ans-apres","status":"publish","type":"post","link":"https:\/\/www.europesays.com\/fr\/57083\/","title":{"rendered":"Formule 1 &#8211; Grand Prix de France historique : Franck Montagny, vingt ans apr\u00e8s"},"content":{"rendered":"<p>Certes, il n&rsquo;\u00e9tait pas dans la voiture mais Franck Montagny y est pour beaucoup du sacre mondial F1 de l&rsquo;Espagnol Fernando Alonso en 2005 au volant de la Renault R25 V10. C&rsquo;est lui qui a d\u00e9velopp\u00e9 la voiture, avec plus de 3500 bornes au compteur lors des diff\u00e9rents essais. \u00ab\u00a0Je d\u00e9cidais des nouveaut\u00e9s sur la voiture, des pneumatiques&#8230; J&rsquo;avais une responsabilit\u00e9 de performances et, vu qu&rsquo;Alonso a gagn\u00e9, j&rsquo;ai bien fait le job.\u00a0\u00bb<\/p>\n<p>Alors forc\u00e9ment, au moment de prendre place derri\u00e8re le volant de cette mythique voiture \u00a0lors du <a href=\"https:\/\/www.laprovence.com\/article\/sports\/30476542709379\/formule-1-retour-vers-le-passe-au-circuit-paul-ricard-a-loccasion-du-grand-prix-de-france-historique\" target=\"_blank\" rel=\"nofollow noopener\">Grand Prix de France historique, ce week-end au circuit Paul-Ricard<\/a>, l&rsquo;\u00e9motion \u00e9tait forte pour le For\u00e9zien de 47 ans. \u00ab\u00a0Quel plaisir ! Quel kif ! C&rsquo;est assez dingue, elle est comme sortie d&rsquo;usine. Ce sont vraiment des passionn\u00e9s qui bossent dessus et d\u00e8s, que je suis mont\u00e9 dedans, les sensations \u00e9taient l\u00e0. Exactement les m\u00eames&#8230; Conduire ici en France, pr\u00e8s de Brignoles o\u00f9 j&rsquo;ai \u00a0grandi&#8230; Plein d&rsquo;\u00e9motions sont revenues. C&rsquo;\u00e9tait vraiment une belle opportunit\u00e9\u00a0\u00bb, d\u00e9crit celui qui commente aujourd&rsquo;hui les Grand Prix de Formule 1 pour Canal +. \u00ab\u00a0C&rsquo;est un tr\u00e8s bel \u00e9v\u00e9nement, tr\u00e8s populaire. Je suis content pour mon sport, \u00e7a fait du bien de voir des paddocks pleins.\u00a0\u00bb Et de pouvoir partager sa passion.<\/p>\n","protected":false},"excerpt":{"rendered":"Certes, il n&rsquo;\u00e9tait pas dans la voiture mais Franck Montagny y est pour beaucoup du sacre mondial F1&hellip;\n","protected":false},"author":2,"featured_media":57084,"comment_status":"","ping_status":"","sticky":false,"template":"","format":"standard","meta":{"footnotes":""},"categories":[4],"tags":[17,11,6796,1011,27,12182,2515,15287,15288,12,2141,25,60],"class_list":{"0":"post-57083","1":"post","2":"type-post","3":"status-publish","4":"format-standard","5":"has-post-thumbnail","7":"category-france","8":"tag-17","9":"tag-actualites","10":"tag-formule","11":"tag-fr","12":"tag-france","13":"tag-franck","14":"tag-grand","15":"tag-historique","16":"tag-montagny","17":"tag-news","18":"tag-prix","19":"tag-republique-francaise","20":"tag-sports"},"share_on_mastodon":{"url":"https:\/\/pubeurope.com\/@fr\/114410579883482202","error":""},"_links":{"self":[{"href":"https:\/\/www.europesays.com\/fr\/wp-json\/wp\/v2\/posts\/57083","targetHints":{"allow":["GET"]}}],"collection":[{"href":"https:\/\/www.europesays.com\/fr\/wp-json\/wp\/v2\/posts"}],"about":[{"href":"https:\/\/www.europesays.com\/fr\/wp-json\/wp\/v2\/types\/post"}],"author":[{"embeddable":true,"href":"https:\/\/www.europesays.com\/fr\/wp-json\/wp\/v2\/users\/2"}],"replies":[{"embeddable":true,"href":"https:\/\/www.europesays.com\/fr\/wp-json\/wp\/v2\/comments?post=57083"}],"version-history":[{"count":0,"href":"https:\/\/www.europesays.com\/fr\/wp-json\/wp\/v2\/posts\/57083\/revisions"}],"wp:featuredmedia":[{"embeddable":true,"href":"https:\/\/www.europesays.com\/fr\/wp-json\/wp\/v2\/media\/57084"}],"wp:attachment":[{"href":"https:\/\/www.europesays.com\/fr\/wp-json\/wp\/v2\/media?parent=57083"}],"wp:term":[{"taxonomy":"category","embeddable":true,"href":"https:\/\/www.europesays.com\/fr\/wp-json\/wp\/v2\/categories?post=57083"},{"taxonomy":"post_tag","embeddable":true,"href":"https:\/\/www.europesays.com\/fr\/wp-json\/wp\/v2\/tags?post=57083"}],"curies":[{"name":"wp","href":"https:\/\/api.w.org\/{rel}","templated":true}]}}