{"id":570831,"date":"2025-12-01T11:44:10","date_gmt":"2025-12-01T11:44:10","guid":{"rendered":"https:\/\/www.europesays.com\/fr\/570831\/"},"modified":"2025-12-01T11:44:10","modified_gmt":"2025-12-01T11:44:10","slug":"pourquoi-maya-lauque-est-elle-absente-de-telematin-lundi-1er-decembre-sur-france-2","status":"publish","type":"post","link":"https:\/\/www.europesays.com\/fr\/570831\/","title":{"rendered":"Pourquoi Maya Lauqu\u00e9 est-elle absente de \u00abT\u00e9l\u00e9matin\u00bb lundi 1er d\u00e9cembre sur France 2 ?"},"content":{"rendered":"<p>    Maya Lauqu\u00e9 et Damien Th\u00e9venot dans \u00abT\u00e9l\u00e9matin\u00bb sur France 2<br \/>\n                St\u00e9phane GRANGIER &#8211; France T\u00e9l\u00e9visions<\/p>\n<p>\n    L\u2019acolyte de Damien Th\u00e9venot n\u2019a pas pu \u00eatre pr\u00e9sente en ce d\u00e9but de semaine dans l\u2019\u00e9mission matinale de la cha\u00eene du service public. Elle a \u00e9t\u00e9 remplac\u00e9e par Johanna Ghiglia.<\/p>\n<p class=\"fig-paragraph\">Autant les f\u00eates de fin d\u2019ann\u00e9e approchent, autant les maladies d\u2019hiver ne semblent pas pr\u00e8s de nous laisser tranquilles. C\u2019est d\u2019ailleurs ce qu\u2019exp\u00e9rimente\u00a0<a href=\"https:\/\/www.lefigaro.fr\/tag\/maya-lauque\" target=\"_blank\" rel=\"noopener\" data-gtm-custom-categorie=\"navigation\" data-gtm-custom-action=\"crossclick\" data-gtm-custom-label=\"Contextuel\" data-gtm-event=\"customEventSPE\"><strong>Maya Lauqu\u00e9<\/strong><\/a> \u00a0cette semaine. En effet, les t\u00e9l\u00e9spectateurs de\u00a0<a href=\"https:\/\/tvmag.lefigaro.fr\/programme-tv\/chaine\/4\/tous-les-programmes-de-france-2\" target=\"_blank\" rel=\"noopener\" data-gtm-custom-categorie=\"navigation\" data-gtm-custom-action=\"crossclick\" data-gtm-custom-label=\"Contextuel\" data-gtm-event=\"customEventSPE\"><strong>France 2<\/strong><\/a> \u00a0ont eu la surprise ce lundi 1er d\u00e9cembre de voir\u00a0<a href=\"https:\/\/www.lefigaro.fr\/tag\/damien-thevenot\" target=\"_blank\" rel=\"noopener\" data-gtm-custom-categorie=\"navigation\" data-gtm-custom-action=\"crossclick\" data-gtm-custom-label=\"Contextuel\" data-gtm-event=\"customEventSPE\">Damien Th\u00e9venot<\/a>\u00a0pr\u00e9senter\u00a0<a href=\"https:\/\/tvmag.lefigaro.fr\/programme-tv\/programme\/telematin-d816807044\" target=\"_blank\" rel=\"noopener\" data-gtm-custom-categorie=\"navigation\" data-gtm-custom-action=\"crossclick\" data-gtm-custom-label=\"Contextuel\" data-gtm-event=\"customEventSPE\"><strong>\u00ab T\u00e9l\u00e9matin\u00a0\u00bb<\/strong><\/a> \u00a0non pas aux c\u00f4t\u00e9s de sa comparse habituelle, mais de\u00a0<a href=\"https:\/\/www.lefigaro.fr\/tag\/johanna-ghiglia\" target=\"_blank\" rel=\"noopener\" data-gtm-custom-categorie=\"navigation\" data-gtm-custom-action=\"crossclick\" data-gtm-custom-label=\"Contextuel\" data-gtm-event=\"customEventSPE\">Johanna Ghiglia<\/a>.<\/p>\n<p class=\"fig-paragraph\">\u00ab Bonjour Johanna, vous allez bien\u00a0? Nous allons passer la semaine ensemble\u00a0! On embrasse Maya qui est souffrante, mais qui va revenir en pleine forme dans quelques jours\u00a0\u00bb, a-t-il expliqu\u00e9 d\u00e8s 6h30, le d\u00e9but de l\u2019\u00e9mission. L\u2019absence de l\u2019animatrice devrait donc durer au moins plusieurs jours. Elle avait pourtant elle-m\u00eame remplac\u00e9\u00a0<a href=\"https:\/\/www.lefigaro.fr\/tag\/melanie-taravant\" target=\"_blank\" rel=\"noopener\" data-gtm-custom-categorie=\"navigation\" data-gtm-custom-action=\"crossclick\" data-gtm-custom-label=\"Contextuel\" data-gtm-event=\"customEventSPE\">M\u00e9lanie Taravant<\/a>\u00a0ce vendredi 28 novembre dernier \u00e0 la pr\u00e9sentation de la matinale du week-end de la Deux, au lieu de\u00a0<a href=\"https:\/\/www.lefigaro.fr\/tag\/samuel-ollivier\" target=\"_blank\" rel=\"noopener\" data-gtm-custom-categorie=\"navigation\" data-gtm-custom-action=\"crossclick\" data-gtm-custom-label=\"Contextuel\" data-gtm-event=\"customEventSPE\">Samuel Ollivier<\/a>.<\/p>\n<p>                                                                <a class=\"fig-a11y-skip\" href=\"#fig-a11y-skip-main-inarticle\" data-module=\"a11y-skip\" data-context=\"was @visible\"><br \/>\n    Passer la publicit\u00e9<br \/>\n<\/a>            <\/p>\n<p class=\"fig-paragraph\">Maya Lauqu\u00e9 et Damien Th\u00e9venot sont devenus les nouveaux visages de \u00abT\u00e9l\u00e9matin\u00bb sur France 2 en septembre dernier. Une belle promotion pour les deux jokers de\u00a0<a href=\"https:\/\/www.lefigaro.fr\/tag\/flavie-flament\" target=\"_blank\" rel=\"noopener\" data-gtm-custom-categorie=\"navigation\" data-gtm-custom-action=\"crossclick\" data-gtm-custom-label=\"Contextuel\" data-gtm-event=\"customEventSPE\">Flavie Flament<\/a>\u00a0et\u00a0<a href=\"https:\/\/www.lefigaro.fr\/tag\/julien-arnaud\" target=\"_blank\" rel=\"noopener\" data-gtm-custom-categorie=\"navigation\" data-gtm-custom-action=\"crossclick\" data-gtm-custom-label=\"Contextuel\" data-gtm-event=\"customEventSPE\">Julien Arnaud<\/a>, \u00e9vinc\u00e9s de la matinale seulement un an apr\u00e8s leur prise de fonction. La cha\u00eene justifiant ces d\u00e9parts par son envie de se renouveler, dans l\u2019espoir de conqu\u00e9rir toujours plus de t\u00e9l\u00e9spectateurs.<\/p>\n<p class=\"fig-paragraph\">Flavie Flament est depuis \u00e0 la t\u00eate d\u2019un magazine sur\u00a0<a href=\"https:\/\/tvmag.lefigaro.fr\/programme-tv\/chaine\/80\/tous-les-programmes-de-france-3\" target=\"_blank\" rel=\"noopener\" data-gtm-custom-categorie=\"navigation\" data-gtm-custom-action=\"crossclick\" data-gtm-custom-label=\"Contextuel\" data-gtm-event=\"customEventSPE\">France 3<\/a>, \u00ab Flavie en France\u00a0\u00bb. Julien Arnaud, quant \u00e0 lui , a carr\u00e9ment quitt\u00e9 le groupe France T\u00e9l\u00e9visions et a atterri sur\u00a0<a href=\"https:\/\/tvmag.lefigaro.fr\/programme-tv\/chaine\/481\/tous-les-programmes-de-bfm-tv\" target=\"_blank\" rel=\"noopener\" data-gtm-custom-categorie=\"navigation\" data-gtm-custom-action=\"crossclick\" data-gtm-custom-label=\"Contextuel\" data-gtm-event=\"customEventSPE\">BFMTV<\/a>. Un exercice bien diff\u00e9rent pour l\u2019animateur, qui pr\u00e9sente d\u00e9sormais \u00ab Julien Direct\u00a0\u00bb sur la cha\u00eene d\u2019informations en continu.<\/p>\n<p class=\"fig-body-link\">\n            \u00c0 lire aussi<br \/>\n        <a class=\"fig-body-link__link\" href=\"http:\/\/tvmag.lefigaro.fr\/programme-tv\/actu-tele\/je-savais-que-ca-s-arreterait-pour-moi-au-bout-d-une-saison-flavie-flament-revient-sur-son-depart-de-telematin-20251103\" target=\"_blank\" data-fig-type=\"Article\" rel=\"noopener\" data-gtm-custom-categorie=\"navigation\" data-gtm-custom-action=\"crossclick\" data-gtm-custom-label=\"Contextuel\" data-gtm-event=\"customEventSPE\" data-fig-domain=\"TVMAG\"><\/p>\n<p>        \u00abJe savais que \u00e7a s\u2019arr\u00eaterait pour moi au bout d\u2019une saison\u00bb\u00a0: Flavie Flament revient sur son d\u00e9part de \u00abT\u00e9l\u00e9matin\u00bb<br \/>\n    <\/a>\n<\/p>\n<p class=\"fig-paragraph\">Le duo form\u00e9 par les deux anciens matinaliers ne semble pas s\u2019\u00eatre oubli\u00e9 pour autant. N\u00e9anmoins, dans un entretien accord\u00e9 \u00e0\u00a0<a href=\"https:\/\/www.gala.fr\/l_actu\/news_de_stars\/interview-julien-arnaud-bfmtv-20251127\" target=\"_blank\" data-fig-type=\"Article\" rel=\"noopener\" data-gtm-custom-categorie=\"navigation\" data-gtm-custom-action=\"crossclick\" data-gtm-custom-label=\"Contextuel\" data-gtm-event=\"customEventSPE\" data-fig-domain=\"GALA\">Gala<\/a> \u00a0ce jeudi 27 novembre dernier, le pr\u00e9sentateur a reconnu ne pas avoir revu son ancienne acolyte depuis la fin de la saison derni\u00e8re, bien qu\u2019ils restent en contact. \u00ab On s\u2019envoie tr\u00e8s souvent des messages avec Flavie. On se tient au courant de nos vies. Si on est heureux l\u2019un et l\u2019autre. On a nou\u00e9 une forme de complicit\u00e9 qui continue. Parce qu\u2019on a v\u00e9cu les soubresauts, les atermoiements de \u201cT\u00e9l\u00e9matin\u201d, les bons moments, les moments un petit peu plus difficiles, o\u00f9 on ne savait pas trop o\u00f9 on allait. Donc cela, on l\u2019a travers\u00e9 ensemble. Et on s\u2019appelle r\u00e9guli\u00e8rement pour commenter ce qu\u2019on fait actuellement \u00bb, avait-il confi\u00e9.<\/p>\n","protected":false},"excerpt":{"rendered":"Maya Lauqu\u00e9 et Damien Th\u00e9venot dans \u00abT\u00e9l\u00e9matin\u00bb sur France 2 St\u00e9phane GRANGIER &#8211; France T\u00e9l\u00e9visions L\u2019acolyte de Damien&hellip;\n","protected":false},"author":2,"featured_media":570832,"comment_status":"","ping_status":"","sticky":false,"template":"","format":"standard","meta":{"footnotes":""},"categories":[1359],"tags":[58,59,1011,27,594,27441,973],"class_list":{"0":"post-570831","1":"post","2":"type-post","3":"status-publish","4":"format-standard","5":"has-post-thumbnail","7":"category-people","8":"tag-divertissement","9":"tag-entertainment","10":"tag-fr","11":"tag-france","12":"tag-france-2","13":"tag-maya-lauque","14":"tag-people"},"share_on_mastodon":{"url":"https:\/\/pubeurope.com\/@fr\/115644141747504459","error":""},"_links":{"self":[{"href":"https:\/\/www.europesays.com\/fr\/wp-json\/wp\/v2\/posts\/570831","targetHints":{"allow":["GET"]}}],"collection":[{"href":"https:\/\/www.europesays.com\/fr\/wp-json\/wp\/v2\/posts"}],"about":[{"href":"https:\/\/www.europesays.com\/fr\/wp-json\/wp\/v2\/types\/post"}],"author":[{"embeddable":true,"href":"https:\/\/www.europesays.com\/fr\/wp-json\/wp\/v2\/users\/2"}],"replies":[{"embeddable":true,"href":"https:\/\/www.europesays.com\/fr\/wp-json\/wp\/v2\/comments?post=570831"}],"version-history":[{"count":0,"href":"https:\/\/www.europesays.com\/fr\/wp-json\/wp\/v2\/posts\/570831\/revisions"}],"wp:featuredmedia":[{"embeddable":true,"href":"https:\/\/www.europesays.com\/fr\/wp-json\/wp\/v2\/media\/570832"}],"wp:attachment":[{"href":"https:\/\/www.europesays.com\/fr\/wp-json\/wp\/v2\/media?parent=570831"}],"wp:term":[{"taxonomy":"category","embeddable":true,"href":"https:\/\/www.europesays.com\/fr\/wp-json\/wp\/v2\/categories?post=570831"},{"taxonomy":"post_tag","embeddable":true,"href":"https:\/\/www.europesays.com\/fr\/wp-json\/wp\/v2\/tags?post=570831"}],"curies":[{"name":"wp","href":"https:\/\/api.w.org\/{rel}","templated":true}]}}