{"id":570833,"date":"2025-12-01T11:45:15","date_gmt":"2025-12-01T11:45:15","guid":{"rendered":"https:\/\/www.europesays.com\/fr\/570833\/"},"modified":"2025-12-01T11:45:15","modified_gmt":"2025-12-01T11:45:15","slug":"louvre-orsay-surfrequentes-les-musees-vont-ils-devenir-infrequentables-telerama","status":"publish","type":"post","link":"https:\/\/www.europesays.com\/fr\/570833\/","title":{"rendered":"Louvre, Orsay\u2026 Surfr\u00e9quent\u00e9s, les mus\u00e9es vont-ils devenir infr\u00e9quentables ? &#8211; T\u00e9l\u00e9rama"},"content":{"rendered":"<ol>\n<li><a href=\"https:\/\/news.google.com\/rss\/articles\/CBMiwAFBVV95cUxQcUdma3h2NFJ6ZUJPRTJlMFZORlhTampxRkdRWFZSakk1SFF6UUNNdWFGTFA1QkxOWEtkb055VWFfcjBUd3ZyejNZM0xOTUVSc2dBQWwwOTEyUGRDVHB2OENkTF9QQ0I0UEZZY19wUVNrOVhFOFBCY3M3UmotakJBUTNDV2xHUmVMTFVmMndBYlJvS25TakgwNk9oVXZ3SGRxTkFmVmN0U0oxSDV6c3hKcml2SXZ1UFFYSEljdlF4UHU?oc=5\" target=\"_blank\" rel=\"noopener\">Louvre, Orsay\u2026 Surfr\u00e9quent\u00e9s, les mus\u00e9es vont-ils devenir infr\u00e9quentables ?<\/a>&nbsp;&nbsp;T\u00e9l\u00e9rama<\/li>\n<li><a href=\"https:\/\/news.google.com\/rss\/articles\/CBMiiAFBVV95cUxPcWRkTVk1ekJLcWVTQ1AydkJIMTVrRGszQmdEa0JlWDFnWW83MkUyaC1KZ0JmbVZCZTBzcnhmT0RVVkpFcEFoTE10MTRzNDlLSHRkdl9VVVBrRHNUOWp5NnF3d2pUXzdvWUsyTGkzeVhKLVFIZmE5eHRmdGttaXAxQU9SRjhjUW52?oc=5\" target=\"_blank\" rel=\"noopener\">Quelle s\u00e9curit\u00e9 dans les mus\u00e9es \u00e0 La R\u00e9union ?<\/a>&nbsp;&nbsp;Outre-mer la 1\u00e8re<\/li>\n<li><a href=\"https:\/\/news.google.com\/rss\/articles\/CBMiZ0FVX3lxTE5iRzN2TmpBQmpaV1ZmdnRKLV9ReG9PV3VMdGVjNmhsdmpNSmRlS3BKU081cHB3VXd4cFZwMEZlM2hKQXNfVzVub3JkUjNEUl8yaFN4MlVXeUFON0gweThfQWNCWjQxVzA?oc=5\" target=\"_blank\" rel=\"noopener\">La privatisation des imaginaires<\/a>&nbsp;&nbsp;Le Monde diplomatique<\/li>\n<li><a href=\"https:\/\/news.google.com\/rss\/articles\/CBMiiwFBVV95cUxPV2QyZW40N2o3OVhSaFZrUlgya3BYWWdHTE5zSkhGUnN4ZXVaYnRzX3BVV1FjcXF2OFZsSy1GZjV4cXpabG8zODNWYmVYT3pVUlNHOENHdnVpRmI2eGlqcjJRUmpfa2g0RXE2cU1tMXZiOS1hWWw4NWUyNWp6Q0ItTGwxdXhCYVQxM1M0?oc=5\" target=\"_blank\" rel=\"noopener\">Un mus\u00e9e n&rsquo;est pas un coffre-fort<\/a>&nbsp;&nbsp;Regards protestants<\/li>\n<li><a href=\"https:\/\/news.google.com\/rss\/articles\/CBMiwAFBVV95cUxQSEQya3dVSkhxRWpPZm1yRF9CaVlVWXdVNXMweV9xZ1lSZm9WQkQxVVJzQllrUWF4WnRjVXFaYTRiOUp4OVFkVFBlRmU4Z3ZTSUxmWXFTMVRKT0hUN2hieDdzZVRuQ2NoNXh1MmFZX3ZMUXhJdTdxdDg1OW82MGhvLVg1cExqWFNBamx4THNMWlNfcWs1alo0aXZ3aWJ0V0FoYkpRNUJSVFNHdUxiXzRTSno4U1d6WFpweXNzdzduM0c?oc=5\" target=\"_blank\" rel=\"noopener\">Mus\u00e9es : \u00ab Pourquoi vouloir ind\u00e9finiment rassasier la boulimie consum\u00e9riste du visiteur ? \u00bb<\/a>&nbsp;&nbsp;La Croix<\/li>\n<\/ol>\n","protected":false},"excerpt":{"rendered":"Louvre, Orsay\u2026 Surfr\u00e9quent\u00e9s, les mus\u00e9es vont-ils devenir infr\u00e9quentables ?&nbsp;&nbsp;T\u00e9l\u00e9rama Quelle s\u00e9curit\u00e9 dans les mus\u00e9es \u00e0 La R\u00e9union ?&nbsp;&nbsp;Outre-mer&hellip;\n","protected":false},"author":2,"featured_media":570834,"comment_status":"","ping_status":"","sticky":false,"template":"","format":"standard","meta":{"footnotes":""},"categories":[1358],"tags":[1348,1384,1385,1386,58,59,1011,27],"class_list":{"0":"post-570833","1":"post","2":"type-post","3":"status-publish","4":"format-standard","5":"has-post-thumbnail","7":"category-arts-et-design","8":"tag-arts","9":"tag-arts-and-design","10":"tag-arts-et-design","11":"tag-design","12":"tag-divertissement","13":"tag-entertainment","14":"tag-fr","15":"tag-france"},"share_on_mastodon":{"url":"https:\/\/pubeurope.com\/@fr\/115644145531517686","error":""},"_links":{"self":[{"href":"https:\/\/www.europesays.com\/fr\/wp-json\/wp\/v2\/posts\/570833","targetHints":{"allow":["GET"]}}],"collection":[{"href":"https:\/\/www.europesays.com\/fr\/wp-json\/wp\/v2\/posts"}],"about":[{"href":"https:\/\/www.europesays.com\/fr\/wp-json\/wp\/v2\/types\/post"}],"author":[{"embeddable":true,"href":"https:\/\/www.europesays.com\/fr\/wp-json\/wp\/v2\/users\/2"}],"replies":[{"embeddable":true,"href":"https:\/\/www.europesays.com\/fr\/wp-json\/wp\/v2\/comments?post=570833"}],"version-history":[{"count":0,"href":"https:\/\/www.europesays.com\/fr\/wp-json\/wp\/v2\/posts\/570833\/revisions"}],"wp:featuredmedia":[{"embeddable":true,"href":"https:\/\/www.europesays.com\/fr\/wp-json\/wp\/v2\/media\/570834"}],"wp:attachment":[{"href":"https:\/\/www.europesays.com\/fr\/wp-json\/wp\/v2\/media?parent=570833"}],"wp:term":[{"taxonomy":"category","embeddable":true,"href":"https:\/\/www.europesays.com\/fr\/wp-json\/wp\/v2\/categories?post=570833"},{"taxonomy":"post_tag","embeddable":true,"href":"https:\/\/www.europesays.com\/fr\/wp-json\/wp\/v2\/tags?post=570833"}],"curies":[{"name":"wp","href":"https:\/\/api.w.org\/{rel}","templated":true}]}}