{"id":570835,"date":"2025-12-01T11:47:14","date_gmt":"2025-12-01T11:47:14","guid":{"rendered":"https:\/\/www.europesays.com\/fr\/570835\/"},"modified":"2025-12-01T11:47:14","modified_gmt":"2025-12-01T11:47:14","slug":"maya-lauque-absente-de-telematin-damien-thevenot-sexplique","status":"publish","type":"post","link":"https:\/\/www.europesays.com\/fr\/570835\/","title":{"rendered":"Maya Lauqu\u00e9 absente de T\u00e9l\u00e9matin, Damien Th\u00e9venot s&rsquo;explique"},"content":{"rendered":"<p>                <img loading=\"lazy\" decoding=\"async\" src=\"https:\/\/www.europesays.com\/fr\/wp-content\/uploads\/2025\/04\/67-60dc2d2db82b7-35x35-1.jpg\" class=\"author-article-picture\" width=\"35\" height=\"35\"\/><\/p>\n<p>                    Par<\/p>\n<p>                                            <a class=\"author-article-bio-link\" href=\"https:\/\/www.purepeople.com\/auteur\/hiba-semali_a67\" target=\"_blank\" rel=\"noopener\">Hiba Semali<\/a><\/p>\n<p>                    |<\/p>\n<p>                                            R\u00e9dactrice<\/p>\n<p>\n                Rattach\u00e9e \u00e0 la rubrique t\u00e9l\u00e9, Hiba Semali se consacre au petit \u00e9cran. The Voice, Koh-Lanta, Top Chef, Secret Story, Star Academy ou encore Les Marseillais n&rsquo;ont aucun secret pour elle.\n            <\/p>\n<p>\n    Voil\u00e0 maintenant trois mois que Maya Lauqu\u00e9 et Damien Th\u00e9venot ont pris les commandes de \u00ab\u00a0T\u00e9l\u00e9matin\u00a0\u00bb. Sauf que ce lundi 1er d\u00e9cembre, l&rsquo;animatrice n&rsquo;\u00e9tait pas \u00e0 l&rsquo;antenne. Et on sait pourquoi. Explications.\n<\/p>\n<p>                            <img loading=\"lazy\" decoding=\"async\" class=\"player-thumbnail\" src=\"https:\/\/www.europesays.com\/fr\/wp-content\/uploads\/2025\/12\/05ab4adcef44cf03-580x326-2.jpg\" width=\"580\" height=\"326\"\/><\/p>\n<p>                            Maya Lauqu\u00e9 est absente de \u00ab\u00a0T\u00e9l\u00e9matin\u00a0\u00bb, Damien Th\u00e9venot donne des nouvelles. \u00a9 France 2<\/p>\n<p>La suite apr\u00e8s la publicit\u00e9<\/p>\n<p>Avant la rentr\u00e9e de septembre, le mercato m\u00e9dia a \u00e9t\u00e9 on ne peut plus mouvement\u00e9 et l&rsquo;\u00e9mission T\u00e9l\u00e9matin en a \u00e9t\u00e9 impact\u00e9e. Apr\u00e8s seulement une saison aux commandes du programme de France 2, <a href=\"https:\/\/www.purepeople.com\/article\/flavie-flament-et-julien-arnaud-debarques-de-telematin-a-la-surprise-generale-on-connait-deja-leurs-remplacants_a539973\/1\" target=\"_blank\" rel=\"noopener\">Flavie Flament et Julien Arnaud ont \u00e9t\u00e9 \u00e9cart\u00e9s<\/a>. C&rsquo;est ainsi que la cha\u00eene a r\u00e9v\u00e9l\u00e9 les noms de leurs rempla\u00e7ants : <strong>Maya Lauqu\u00e9<\/strong><strong> et <\/strong><strong>Damien Th\u00e9venot<\/strong>, qui officiaient jusqu&rsquo;alors \u00e0 la pr\u00e9sentation de T\u00e9l\u00e9matin le week-end, \u00e0 savoir du vendredi au dimanche. En bref, le duo garde le m\u00eame r\u00f4le, mais en semaine cette fois. Et le moins que l&rsquo;on puisse dire, c&rsquo;est qu&rsquo;ils forment un couple qui fonctionne : sur leurs trois premiers mois d&rsquo;antenne, ils r\u00e9unissent en moyenne 591 000 fid\u00e8les, ce qui correspond \u00e0 une part d&rsquo;audience moyenne de 20,6% comme l&rsquo;indiquaient nos confr\u00e8res de Purem\u00e9dias. Un score qui leur permet d&rsquo;\u00eatre largement leader sur la tranche. Mais cette semaine, Damien Th\u00e9venot doit faire sans son bin\u00f4me.<\/p>\n<p>Lundi 1er d\u00e9cembre 2025, d\u00e8s les premi\u00e8res images de T\u00e9l\u00e9matin, une chanson se lance. Et pas n&rsquo;importe laquelle : All I want for Christmas is you, tube de <a href=\"https:\/\/www.purepeople.com\/people\/mariah-carey_p686\" target=\"_blank\" rel=\"noopener\">Mariah Carey<\/a> tr\u00e8s \u00e9cout\u00e9 \u00e0 travers le monde \u00e0 l&rsquo;approche des f\u00eates de fin d&rsquo;ann\u00e9e et notamment de No\u00ebl. De quoi faire danser l&rsquo;\u00e9quipe pr\u00e9sente. Et il y a justement un changement \u00e0 ce niveau-l\u00e0. Damien Th\u00e9venot appara\u00eet bel et bien sur le plateau de France T\u00e9l\u00e9visions, en veste de costume bleu marine et pull de la m\u00eame couleur. Mais \u00e0 ses c\u00f4t\u00e9s, <strong>pas de Maya Lauqu\u00e9. A la place, Johanna Ghiglia<\/strong>, pimpante en rose. C&rsquo;est alors que l&rsquo;animateur \u00e9voque ce changement : \u00ab\u00a0Bien le bonjour \u00e0 tous et \u00e0 toutes ! Bonne journ\u00e9e et bonjour Johanna. On passe la semaine ensemble ? J&rsquo;en suis ravi.\u00a0\u00bb Mais que s&rsquo;est-il pass\u00e9 ? En r\u00e9alit\u00e9, Maya Lauqu\u00e9 est malade. \u00ab\u00a0<strong>On embrasse Maya qui est souffrante mais qui va revenir en pleine forme dans quelques jours<\/strong>\u00ab\u00a0, poursuit ainsi Damien Th\u00e9venot.<\/p>\n<p>Maya Lauqu\u00e9 en petite forme mais bient\u00f4t de retour dans T\u00e9l\u00e9matin<\/p>\n<p>Il faudra donc patienter encore un peu avant de retrouver Maya Lauqu\u00e9 \u00e0 l&rsquo;antenne. De son c\u00f4t\u00e9, elle n&rsquo;a, pour l&rsquo;heure, pas donn\u00e9 de ses nouvelles. Ni sur X, anciennement Twitter, ni sur Instagram. Toutefois, elle devrait \u00eatre occup\u00e9e \u00e0 se soigner afin de revenir prochainement \u00e0 l&rsquo;antenne. Et nul doute qu&rsquo;elle peut compter sur ses enfants pour \u00eatre aux petits soins avec elle. Rappelons qu&rsquo;<a href=\"https:\/\/www.purepeople.com\/article\/moi-jai-donne-maya-lauque-separee-du-pere-de-ses-enfants-elle-fait-un-commentaire-lourd-de-sens-en-direct-dans-telematin_a542338\/1\" target=\"_blank\" rel=\"noopener\">elle est l&rsquo;heureuse maman de deux enfants<\/a>, Lucien (10 ans) et Jeanne (6 ans), n\u00e9s de ses amours avec son ex-compagnon le musicien Cyril Denis.\u00a0<\/p>\n","protected":false},"excerpt":{"rendered":"Par Hiba Semali | R\u00e9dactrice Rattach\u00e9e \u00e0 la rubrique t\u00e9l\u00e9, Hiba Semali se consacre au petit \u00e9cran. The&hellip;\n","protected":false},"author":2,"featured_media":570836,"comment_status":"","ping_status":"","sticky":false,"template":"","format":"standard","meta":{"footnotes":""},"categories":[1356],"tags":[58,59,1011,27,252,1364],"class_list":{"0":"post-570835","1":"post","2":"type-post","3":"status-publish","4":"format-standard","5":"has-post-thumbnail","7":"category-television","8":"tag-divertissement","9":"tag-entertainment","10":"tag-fr","11":"tag-france","12":"tag-television","13":"tag-tv"},"share_on_mastodon":{"url":"https:\/\/pubeurope.com\/@fr\/115644154359920809","error":""},"_links":{"self":[{"href":"https:\/\/www.europesays.com\/fr\/wp-json\/wp\/v2\/posts\/570835","targetHints":{"allow":["GET"]}}],"collection":[{"href":"https:\/\/www.europesays.com\/fr\/wp-json\/wp\/v2\/posts"}],"about":[{"href":"https:\/\/www.europesays.com\/fr\/wp-json\/wp\/v2\/types\/post"}],"author":[{"embeddable":true,"href":"https:\/\/www.europesays.com\/fr\/wp-json\/wp\/v2\/users\/2"}],"replies":[{"embeddable":true,"href":"https:\/\/www.europesays.com\/fr\/wp-json\/wp\/v2\/comments?post=570835"}],"version-history":[{"count":0,"href":"https:\/\/www.europesays.com\/fr\/wp-json\/wp\/v2\/posts\/570835\/revisions"}],"wp:featuredmedia":[{"embeddable":true,"href":"https:\/\/www.europesays.com\/fr\/wp-json\/wp\/v2\/media\/570836"}],"wp:attachment":[{"href":"https:\/\/www.europesays.com\/fr\/wp-json\/wp\/v2\/media?parent=570835"}],"wp:term":[{"taxonomy":"category","embeddable":true,"href":"https:\/\/www.europesays.com\/fr\/wp-json\/wp\/v2\/categories?post=570835"},{"taxonomy":"post_tag","embeddable":true,"href":"https:\/\/www.europesays.com\/fr\/wp-json\/wp\/v2\/tags?post=570835"}],"curies":[{"name":"wp","href":"https:\/\/api.w.org\/{rel}","templated":true}]}}