{"id":570843,"date":"2025-12-01T11:51:11","date_gmt":"2025-12-01T11:51:11","guid":{"rendered":"https:\/\/www.europesays.com\/fr\/570843\/"},"modified":"2025-12-01T11:51:11","modified_gmt":"2025-12-01T11:51:11","slug":"entendre-de-telles-absurdites-me-rend-fou-toto-wolff-semporte-apres-les-accusations-visant-andrea-antonelli","status":"publish","type":"post","link":"https:\/\/www.europesays.com\/fr\/570843\/","title":{"rendered":"\u00abEntendre de telles absurdit\u00e9s me rend fou\u00bb\u2026 Toto Wolff s\u2019emporte apr\u00e8s les accusations visant Andrea Antonelli"},"content":{"rendered":"<p>\n    Accus\u00e9 d\u2019avoir laiss\u00e9 volontairement passer Lando Norris en fin de course, le jeune pilote italien a re\u00e7u le soutien, franc et massif, de son patron.<\/p>\n<p class=\"fig-paragraph\">\u00c0 19 ans, l\u2019apprentissage d\u2019Andrea Kimi Antonelli en Formule 1 se poursuit. Parfois avec bonheur. Et parfois moins. Ainsi, ce dimanche, le pilote italien a termin\u00e9 5e du Grand Prix du Qatar, devant son co\u00e9quipier George Russell. Une tr\u00e8s belle performance, qui a cependant \u00e9t\u00e9 marqu\u00e9e, \u00e0 deux tours de la fin, par sa passe d\u2019armes avec Lando Norris, qui l\u2019a d\u00e9pass\u00e9 soudainement pour arracher la 4e place et deux points suppl\u00e9mentaires tr\u00e8s pr\u00e9cieux dans la course au titre. Un fait de course qui aurait pu s\u2019av\u00e9rer anodin. Sauf que Red Bull s\u2019\u2019est charg\u00e9, par le biais de son conseiller Helmut Marko, de mettre un peu d\u2019huile sur le feu\u2026<\/p>\n<p class=\"fig-paragraph\">\u00ab\u00c7a fait deux fois qu\u2019il laisse plus ou moins passer Lando\u00bb, a ainsi accus\u00e9 l\u2019Autrichien aupr\u00e8s du site Motorsport.com. \u00abC\u2019\u00e9tait tout \u00e0 fait \u00e9vident. Antonelli aide d\u00e9sormais nos principaux concurrents. En Autriche, il a percut\u00e9 Max (Verstappen) \u00e0 l\u2019arri\u00e8re.\u00bb Des propos qui se situaient alors dans la lign\u00e9e de ceux entre le pilote n\u00e9erlandais et son \u00e9quipe en fin de course, lorsque son ing\u00e9nieur, Gianpiero Lambiase, lui avait l\u00e2ch\u00e9 \u00e0 la radio\u00a0: \u00abJe ne sais pas ce qu\u2019il s\u2019est pass\u00e9 pour Antonelli, Max, on dirait qu\u2019il a juste ralenti et laiss\u00e9 passer Norris.\u00bb Une perception logique au vu des premi\u00e8res images t\u00e9l\u00e9vis\u00e9es, qui ne laissaient voir que le d\u00e9passement et pas les instants ayant pr\u00e9c\u00e9d\u00e9. Or, celles-ci, diffus\u00e9es apr\u00e8s un certain temps d\u2019attente, montraient clairement l\u2019erreur du pilote Antonelli dans un virage et une sortie de piste.<\/p>\n<p>                                            <a class=\"fig-a11y-skip\" href=\"#fig-a11y-skip-main-inarticle\" data-module=\"a11y-skip\" data-context=\"was @visible\"><br \/>\n    Passer la publicit\u00e9<br \/>\n<\/a>            <\/p>\n<p class=\"fig-paragraph\">Forc\u00e9ment, ces accusations n\u2019ont pas \u00e9t\u00e9 du go\u00fbt d\u2019un certain Toto Wolff, le patron de Mercedes r\u00e9torquant vivement\u00a0: \u00abC\u2019est compl\u00e8tement absurde, \u00e7a me rend dingue rien que d\u2019entendre \u00e7a. On se bat pour la deuxi\u00e8me place au championnat des constructeurs, qui est importante pour nous (les Fl\u00e8ches d\u2019Argent ont 23 points d\u2019avance sur Red Bull, qui ne peut compter que sur Verstappen pour scorer), et Kimi se battait pour un potentiel podium. Comment peut-on \u00eatre assez stupide pour dire une chose pareille\u00a0? \u00c7a m\u2019\u00e9nerve, parce que je suis d\u00e9j\u00e0 \u00e9nerv\u00e9 par la course elle-m\u00eame, par son d\u00e9roulement. Je suis \u00e9nerv\u00e9 par l\u2019erreur commise \u00e0 la fin. Je suis \u00e9nerv\u00e9 par d\u2019autres erreurs. Et puis entendre de telles absurdit\u00e9s me rend fou.\u00bb<\/p>\n<p class=\"fig-paragraph\">Si Antonelli entretient des rapports tr\u00e8s cordiaux avec Norris, plus qu\u2019avec Verstappen en tout cas, difficile d\u2019imaginer l\u2019Italien lui d\u00e9rouler le tapis rouge en fin de course. M\u00eame si, comme le soulignait Helmut Marko de mani\u00e8re quelque peu impr\u00e9cise, le pilote italien n\u2019avait pas oppos\u00e9 une farouche r\u00e9sistance \u00e0 Oscar Piastri plus t\u00f4t dans la course, vers le 30e tour, lorsque l\u2019Australien le d\u00e9passe tranquillement. Mais peut-\u00eatre, \u00e0 son jeune \u00e2ge, ne voulait-il pas prendre le risque de chambouler la course au titre avec un accrochage\u00a0? Sauf que malheureusement pour lui, c\u2019est d\u00e9sormais le cas, m\u00eame si lui plaide \u00abune erreur. J\u2019\u00e9tais plut\u00f4t \u00e0 l\u2019aise parce que Lando \u00e9tait m\u00eame hors du DRS pendant quelques tours, et dans l\u2019air sale vous ne pouvez simplement pas d\u00e9passer. Donc j\u2019avais le sentiment de pouvoir le retenir, mais j\u2019ai commis une faute\u00bb. Ce qui arrive \u00e0 tout pilote mais qui, si Norris devait remporter le titre dimanche prochain pour un ou deux points, pourrait encore longtemps faire parler\u2026<\/p>\n","protected":false},"excerpt":{"rendered":"Accus\u00e9 d\u2019avoir laiss\u00e9 volontairement passer Lando Norris en fin de course, le jeune pilote italien a re\u00e7u le&hellip;\n","protected":false},"author":2,"featured_media":570844,"comment_status":"","ping_status":"","sticky":false,"template":"","format":"standard","meta":{"footnotes":""},"categories":[9],"tags":[1011,27,4320,60],"class_list":{"0":"post-570843","1":"post","2":"type-post","3":"status-publish","4":"format-standard","5":"has-post-thumbnail","7":"category-sports","8":"tag-fr","9":"tag-france","10":"tag-mercedes","11":"tag-sports"},"share_on_mastodon":{"url":"https:\/\/pubeurope.com\/@fr\/115644169379237652","error":""},"_links":{"self":[{"href":"https:\/\/www.europesays.com\/fr\/wp-json\/wp\/v2\/posts\/570843","targetHints":{"allow":["GET"]}}],"collection":[{"href":"https:\/\/www.europesays.com\/fr\/wp-json\/wp\/v2\/posts"}],"about":[{"href":"https:\/\/www.europesays.com\/fr\/wp-json\/wp\/v2\/types\/post"}],"author":[{"embeddable":true,"href":"https:\/\/www.europesays.com\/fr\/wp-json\/wp\/v2\/users\/2"}],"replies":[{"embeddable":true,"href":"https:\/\/www.europesays.com\/fr\/wp-json\/wp\/v2\/comments?post=570843"}],"version-history":[{"count":0,"href":"https:\/\/www.europesays.com\/fr\/wp-json\/wp\/v2\/posts\/570843\/revisions"}],"wp:featuredmedia":[{"embeddable":true,"href":"https:\/\/www.europesays.com\/fr\/wp-json\/wp\/v2\/media\/570844"}],"wp:attachment":[{"href":"https:\/\/www.europesays.com\/fr\/wp-json\/wp\/v2\/media?parent=570843"}],"wp:term":[{"taxonomy":"category","embeddable":true,"href":"https:\/\/www.europesays.com\/fr\/wp-json\/wp\/v2\/categories?post=570843"},{"taxonomy":"post_tag","embeddable":true,"href":"https:\/\/www.europesays.com\/fr\/wp-json\/wp\/v2\/tags?post=570843"}],"curies":[{"name":"wp","href":"https:\/\/api.w.org\/{rel}","templated":true}]}}