{"id":570847,"date":"2025-12-01T11:53:15","date_gmt":"2025-12-01T11:53:15","guid":{"rendered":"https:\/\/www.europesays.com\/fr\/570847\/"},"modified":"2025-12-01T11:53:15","modified_gmt":"2025-12-01T11:53:15","slug":"cyber-monday-le-sony-wh-1000xm4-seffondre-a-un-tarif-jamais-observe-depuis-5-ans","status":"publish","type":"post","link":"https:\/\/www.europesays.com\/fr\/570847\/","title":{"rendered":"Cyber Monday : le Sony WH-1000XM4 s\u2019effondre \u00e0 un tarif jamais observ\u00e9 depuis 5 ans"},"content":{"rendered":"<p class=\"ed__a-p ed__bdy__l\">\u00c0 l\u2019occasion du Black Friday 2025, le casque <a href=\"https:\/\/www.lesnumeriques.com\/casque-nomade\/sony-wh-1000xm4-p56811\/test.html\" title=\"Sony WH-1000XM4 : la r\u00e9f\u00e9rence des casques sans fil \u00e0 r\u00e9duction de bruit s&#039;am\u00e9liore encore\" target=\"_blank\" rel=\"noopener\">Sony WH-1000XM4<\/a> s\u2019affiche pour la premi\u00e8re fois \u00e0 199 \u20ac, un tarif jamais observ\u00e9 depuis son lancement il y a maintenant 5 ans et clairement l\u2019un des meilleurs deals de cette \u00e9dition. Une occasion en or de s\u2019offrir un casque parmi les plus r\u00e9put\u00e9s du march\u00e9, qui continue de tenir t\u00eate au tout dernier <a href=\"https:\/\/www.lesnumeriques.com\/casque-bluetooth\/sony-wh-1000xm6-p76615\/test.html\" title=\"Sony WH-1000XM6 : le roi des casques \u00e0 r\u00e9duction du bruit renoue avec l\u2019excellence\" target=\"_blank\" rel=\"noopener\">WH-1000XM6<\/a> malgr\u00e9 son \u00e2ge, et dont les performances restent remarquablement actuelles.<\/p>\n<p>Un casque qui en a toujours sous le pied en 2025<\/p>\n<p class=\"ed__a-p ed__bdy__l\">R\u00e9f\u00e9rence incontournable depuis sa sortie, le WH-1000XM4 combine une r\u00e9duction de bruit active efficace, un confort longue dur\u00e9e et une qualit\u00e9 sonore d\u2019un \u00e9quilibre peu \u00e9gal\u00e9, avec une restitution ample et musicale. Il offre par ailleurs l\u2019essentiel des fonctionnalit\u00e9s sign\u00e9es Sony via l\u2019application Sound Connect, permettant de personnaliser le son et la gestion de la r\u00e9duction de bruit, et b\u00e9n\u00e9ficie d\u2019une connectivit\u00e9 Bluetooth multipoint ultra pratique pour jongler entre smartphone, ordinateur ou tablette. Sa finition soign\u00e9e et sa l\u00e9g\u00e8ret\u00e9 en font toujours un compagnon de choix, que ce soit pour travailler, voyager ou \u00e9couter ses playlists pr\u00e9f\u00e9r\u00e9es dans les meilleures conditions.<\/p>\n<p>            Publicit\u00e9, votre contenu continue ci-dessous<\/p>\n<p>            Publicit\u00e9<\/p>\n<p class=\"ed__a-p ed__bdy__l\">\u00c0 moins de 200 \u20ac, c\u2019est tout simplement une opportunit\u00e9 exceptionnelle de s\u2019offrir un casque haut de gamme, encore parfaitement dans la course face aux mod\u00e8les r\u00e9cents. Une v\u00e9ritable aubaine pour s\u2019\u00e9quiper intelligemment en cette p\u00e9riode de promos.<\/p>\n<p>            Publicit\u00e9, votre contenu continue ci-dessous<\/p>\n<p>            Publicit\u00e9<\/p>\n","protected":false},"excerpt":{"rendered":"\u00c0 l\u2019occasion du Black Friday 2025, le casque Sony WH-1000XM4 s\u2019affiche pour la premi\u00e8re fois \u00e0 199 \u20ac,&hellip;\n","protected":false},"author":2,"featured_media":570848,"comment_status":"","ping_status":"","sticky":false,"template":"","format":"standard","meta":{"footnotes":""},"categories":[7],"tags":[1011,27,43,40,41,39,42,44],"class_list":{"0":"post-570847","1":"post","2":"type-post","3":"status-publish","4":"format-standard","5":"has-post-thumbnail","7":"category-sciences-et-technologies","8":"tag-fr","9":"tag-france","10":"tag-science","11":"tag-science-and-technology","12":"tag-sciences","13":"tag-sciences-et-technologies","14":"tag-technologies","15":"tag-technology"},"share_on_mastodon":{"url":"https:\/\/pubeurope.com\/@fr\/115644177100816830","error":""},"_links":{"self":[{"href":"https:\/\/www.europesays.com\/fr\/wp-json\/wp\/v2\/posts\/570847","targetHints":{"allow":["GET"]}}],"collection":[{"href":"https:\/\/www.europesays.com\/fr\/wp-json\/wp\/v2\/posts"}],"about":[{"href":"https:\/\/www.europesays.com\/fr\/wp-json\/wp\/v2\/types\/post"}],"author":[{"embeddable":true,"href":"https:\/\/www.europesays.com\/fr\/wp-json\/wp\/v2\/users\/2"}],"replies":[{"embeddable":true,"href":"https:\/\/www.europesays.com\/fr\/wp-json\/wp\/v2\/comments?post=570847"}],"version-history":[{"count":0,"href":"https:\/\/www.europesays.com\/fr\/wp-json\/wp\/v2\/posts\/570847\/revisions"}],"wp:featuredmedia":[{"embeddable":true,"href":"https:\/\/www.europesays.com\/fr\/wp-json\/wp\/v2\/media\/570848"}],"wp:attachment":[{"href":"https:\/\/www.europesays.com\/fr\/wp-json\/wp\/v2\/media?parent=570847"}],"wp:term":[{"taxonomy":"category","embeddable":true,"href":"https:\/\/www.europesays.com\/fr\/wp-json\/wp\/v2\/categories?post=570847"},{"taxonomy":"post_tag","embeddable":true,"href":"https:\/\/www.europesays.com\/fr\/wp-json\/wp\/v2\/tags?post=570847"}],"curies":[{"name":"wp","href":"https:\/\/api.w.org\/{rel}","templated":true}]}}