{"id":570849,"date":"2025-12-01T11:54:11","date_gmt":"2025-12-01T11:54:11","guid":{"rendered":"https:\/\/www.europesays.com\/fr\/570849\/"},"modified":"2025-12-01T11:54:11","modified_gmt":"2025-12-01T11:54:11","slug":"virements-bancaires-ils-vont-etre-tous-bloques-pendant-trois-jours-a-noel-on-connait-les-dates-de-la-fermeture-du-systeme-midi-libre","status":"publish","type":"post","link":"https:\/\/www.europesays.com\/fr\/570849\/","title":{"rendered":"Virements bancaires : ils vont \u00eatre tous bloqu\u00e9s pendant trois jours \u00e0 No\u00ebl, on conna\u00eet les dates de la fermeture du syst\u00e8me &#8211; Midi Libre"},"content":{"rendered":"<ol>\n<li><a href=\"https:\/\/news.google.com\/rss\/articles\/CBMi_wFBVV95cUxPU0J6SE5uckNLOGdSSEN4VFNmMDQyTzZMVVhSR2I4eHRtNURSRXJqZFczb2VoWTd4OVRsU2RCUm1WalM3UURPVUkxWVB3RWl0RjBTRmlLRjBrMUhLODF2YTZ0dzd5aHpDSFktNW1zZDBsNkNfY1pNX0x5eEhKMkJqOUxPY3NfZzVDb1BPdVVMZVBqNXJNUFAzWTdYLW1Wbnp3aDM2dzFFaFM5Y0xEUXJIRlNPaWpqcDlFa1lpYnNWQ2N0ZnBhNmlKVi1kYjIzWlYwY0t0emsydkhnYTZZWVBWZUxqMWs2YjZXQk1WU3pMdmVnWnI5MDVuOFVwcFU2Rzg?oc=5\" target=\"_blank\" rel=\"noopener\">Virements bancaires : ils vont \u00eatre tous bloqu\u00e9s pendant trois jours \u00e0 No\u00ebl, on conna\u00eet les dates de la fermeture du syst\u00e8me<\/a>&nbsp;&nbsp;Midi Libre<\/li>\n<li><a href=\"https:\/\/news.google.com\/rss\/articles\/CBMilwJBVV95cUxNN0RjNXg0MXcxTWU1TFF2Z285OFpzR3h1X1NnUHV6aWlyWmZieVJNWjdCdUtTSHpibXlTQnVyOTRhOEVXMThhdkpPUXVXQzdWTGctUF9zM0lUZ2lKdVdZeHBkdVNHb0FQdjR5SGFjOW0xNGhyUXFhLS1lSlA0M3pKay1kRDltTTdOSVBWRGpVMHVPZzZMNjVTNl93YkRwTmVJMjYtekwzcy1jMkJzMnNYMTFGZ2tZelh0a0hOYVpORUx5TGJoZC1OWVg0dTcxbHE2cW0wTnhxQzA1d05uNXV0alF1SGZTeTA3SVJTVkUzb0Uzekhfdm1RbVphd3oxMDdOUEREV2otY0NxSHlHTU5JQXpobnpfRm8?oc=5\" target=\"_blank\" rel=\"noopener\">Pas de virements bancaires pendant quatre jours : pourquoi il sera impossible d\u2019effectuer la moindre transaction entre le 25 et le 28 d\u00e9cembre<\/a>&nbsp;&nbsp;ladepeche.fr<\/li>\n<li><a href=\"https:\/\/news.google.com\/rss\/articles\/CBMi1wFBVV95cUxQallQYkRLLUZHenZDeDJyX2VoVlBCbnNyODFYTXppc2t6TUNRanQ3d0M1T2pkYmd5UnBXc1RUMFJGWDZiWEdMajByTi01MVVQMi1mOWpLbklsQTBtaU1SMU9CYmlaLVZHMVZ3cjdjUm5nbW1DS29YU1ljZkFlbFo1eE1rMnY0Y3paNDNHRDFqTWwwWXZaaC00UzhmUWJMNURPdGJuVXY4ZWtXeFlSU2YwWThrZkRwQlMwZy1keHAwMDUtYzAwZVdyZjZhQXNxMEhqLW85bEpfaw?oc=5\" target=\"_blank\" rel=\"noopener\">Vie quotidienne. Pourquoi les virements entre banques ne seront pas possibles durant quatre jours fin d\u00e9cembre<\/a>&nbsp;&nbsp;Le Dauphin\u00e9 Lib\u00e9r\u00e9<\/li>\n<li><a href=\"https:\/\/news.google.com\/rss\/articles\/CBMi8AFBVV95cUxPemd4WjMzdWduYUtRSFRlNzQ5Mm5FS05VVThEMmZ2QkkwUnViQkpUcG5yTXNSRG9GUDNNZndmRmhCRHBWcjQzOExvdFAtZVpDWXRHMUMwNnIxNy1yNGJNMTRBZ3B2R1A4NlloVTZaNWFLS1RUb2dmR09VOVAtbEc2ZnF0ZUhRS1UtTFJCSEY0YlgyejZfaC1SWTB6QW53WGlMQjZlMkt3eDZISjEwOFhRckFUbExxRm5pZzItOGZndENSY3k1bEx1aTJQYWo5U0VQUTdTdDlndzh1NGs5aGtDOGNkcElOLWIxTDVkb2lFQTM?oc=5\" target=\"_blank\" rel=\"noopener\">Virements bloqu\u00e9s \u00e0 No\u00ebl : voici les dates o\u00f9 aucun transfert d\u2019argent ne sera possible pendant les f\u00eates<\/a>&nbsp;&nbsp;Actualit\u00e9s \u2013 Orange<\/li>\n<li><a href=\"https:\/\/news.google.com\/rss\/articles\/CBMi2gFBVV95cUxQcHhPRDRNaG9YRzBtM205ZGJyekh6aDlyeUszUXZSMlFLSHRSeGI5bFRIQ2pWWGRHZFdXVW5PVTEzcDZtdW1JU1ExS3VmSUxNSFNKXzdxdUhBYzd0Ym1SaTNzcnoyaGtWZnlGVjBMQjFQZGdMR2ZmeXdGSndjUnh6NlJybmpmcEpodWRZRkxGOVZERlZSNGhLMUtqQ0QzRDY2WmVNVVVUdVpiMTNfcnZmS1l6bmJEMTBCZXdnajM0ajgwVXV5UmlOQkoybVkwemZPNnVPNWtLbExEUQ?oc=5\" target=\"_blank\" rel=\"noopener\">Coupure de No\u00ebl : pourquoi les virements interbancaires seront mis \u00e0 l\u2019arr\u00eat en Europe<\/a>&nbsp;&nbsp;Le Point<\/li>\n<\/ol>\n","protected":false},"excerpt":{"rendered":"Virements bancaires : ils vont \u00eatre tous bloqu\u00e9s pendant trois jours \u00e0 No\u00ebl, on conna\u00eet les dates de&hellip;\n","protected":false},"author":2,"featured_media":395849,"comment_status":"","ping_status":"","sticky":false,"template":"","format":"standard","meta":{"footnotes":""},"categories":[6],"tags":[35,33,34,1011,27],"class_list":{"0":"post-570849","1":"post","2":"type-post","3":"status-publish","4":"format-standard","5":"has-post-thumbnail","7":"category-economie","8":"tag-business","9":"tag-economie","10":"tag-economy","11":"tag-fr","12":"tag-france"},"share_on_mastodon":{"url":"https:\/\/pubeurope.com\/@fr\/115644181055593034","error":""},"_links":{"self":[{"href":"https:\/\/www.europesays.com\/fr\/wp-json\/wp\/v2\/posts\/570849","targetHints":{"allow":["GET"]}}],"collection":[{"href":"https:\/\/www.europesays.com\/fr\/wp-json\/wp\/v2\/posts"}],"about":[{"href":"https:\/\/www.europesays.com\/fr\/wp-json\/wp\/v2\/types\/post"}],"author":[{"embeddable":true,"href":"https:\/\/www.europesays.com\/fr\/wp-json\/wp\/v2\/users\/2"}],"replies":[{"embeddable":true,"href":"https:\/\/www.europesays.com\/fr\/wp-json\/wp\/v2\/comments?post=570849"}],"version-history":[{"count":0,"href":"https:\/\/www.europesays.com\/fr\/wp-json\/wp\/v2\/posts\/570849\/revisions"}],"wp:featuredmedia":[{"embeddable":true,"href":"https:\/\/www.europesays.com\/fr\/wp-json\/wp\/v2\/media\/395849"}],"wp:attachment":[{"href":"https:\/\/www.europesays.com\/fr\/wp-json\/wp\/v2\/media?parent=570849"}],"wp:term":[{"taxonomy":"category","embeddable":true,"href":"https:\/\/www.europesays.com\/fr\/wp-json\/wp\/v2\/categories?post=570849"},{"taxonomy":"post_tag","embeddable":true,"href":"https:\/\/www.europesays.com\/fr\/wp-json\/wp\/v2\/tags?post=570849"}],"curies":[{"name":"wp","href":"https:\/\/api.w.org\/{rel}","templated":true}]}}