{"id":570850,"date":"2025-12-01T11:55:17","date_gmt":"2025-12-01T11:55:17","guid":{"rendered":"https:\/\/www.europesays.com\/fr\/570850\/"},"modified":"2025-12-01T11:55:17","modified_gmt":"2025-12-01T11:55:17","slug":"en-asie-le-bilan-des-inondations-devastatrices-depasse-les-1-000-morts","status":"publish","type":"post","link":"https:\/\/www.europesays.com\/fr\/570850\/","title":{"rendered":"En Asie, le bilan des inondations d\u00e9vastatrices d\u00e9passe les 1\u00a0000 morts"},"content":{"rendered":"<p>        <img decoding=\"async\" loading=\"lazy\" src=\"https:\/\/www.europesays.com\/fr\/wp-content\/uploads\/2025\/12\/f999c21_upload-1-xaugfuh8ogh2-afp-20251130-86lx8ne-v1-highres-srilankaweatherflood.jpg\"  width=\"728\" height=\"409\" alt=\"Des personnes r\u00e9fugi\u00e9es sur des bateaux de l\u2019arm\u00e9e sri-lankaise le 30\u00a0novembre\u00a02025 dans une rue inond\u00e9e apr\u00e8s de fortes pluies \u00e0 Wellampitiya, en p\u00e9riph\u00e9rie de Colombo, la capitale sri-lankaise. \"\/>  <\/p>\n<p>ISHARA S. KODIKARA \/ AFP<\/p>\n<p>Des personnes r\u00e9fugi\u00e9es sur des bateaux de l\u2019arm\u00e9e sri-lankaise le 30\u00a0novembre\u00a02025 dans une rue inond\u00e9e apr\u00e8s de fortes pluies \u00e0 Wellampitiya, en p\u00e9riph\u00e9rie de Colombo, la capitale sri-lankaise. <\/p>\n<p>      <strong>EN BREF<\/strong> <strong>\u2022 <\/strong>Des inondations d\u00e9vastatrices en Asie, caus\u00e9es par un cyclone au Sri Lanka et des temp\u00eates en Tha\u00eflande, Malaisie et Indon\u00e9sie, ont fait plus de 1000 morts.<br \/><strong>\u2022 <\/strong>Les secouristes et militaires s\u2019activent pour aider les populations touch\u00e9es mais les critiques sur la gestion politique de la catastrophe \u00e9mergent.<br \/><strong>\u2022 <\/strong>Le pr\u00e9sident indon\u00e9sien n\u2019a pas demand\u00e9 d\u2019aide internationale ce qui lui est reproch\u00e9 par la population.                         <\/p>\n<p class=\"asset asset-text\">Un cap tristement symbolique est pass\u00e9. Le passage d\u2019un cyclone au Sri Lanka et une temp\u00eate exceptionnelle en Tha\u00eflande, en Malaisie et en Indon\u00e9sie ont d\u00e9j\u00e0 caus\u00e9 plus de 1000 morts et plusieurs centaines de disparus ces derniers jours, selon les derniers bilans encore provisoires \u00e9tablis ce lundi 1er\u00a0d\u00e9cembre.<\/p>\n<p class=\"asset asset-text\">Secouristes et militaires de ses quatre pays s\u2019activent pour d\u00e9blayer les routes et porter assistance aux populations notamment au <a href=\"https:\/\/www.huffingtonpost.fr\/international\/article\/au-sri-lanka-une-panne-d-electricite-generale-touche-l-ensemble-de-l-ile-a-cause-d-un-singe_245971.html\" target=\"_blank\" rel=\"noopener\">Sri Lanka<\/a> et en Indon\u00e9sie. Dans ce dernier pays, c\u2019est la grande \u00eele de Sumatra qui a \u00e9t\u00e9 la plus touch\u00e9e apr\u00e8s <a href=\"https:\/\/www.huffingtonpost.fr\/international\/video\/thailande-indonesie-le-bilan-catastrophique-de-ces-inondations-en-asie-du-sud-est_257639.html\" target=\"_blank\" rel=\"noopener\">les pluies torrentielles dans la r\u00e9gion<\/a>, d\u00e9j\u00e0 en pleine p\u00e9riode de mousson. Le bilan des inondations s\u2019est encore alourdi ce lundi, passant \u00e0 502 morts et plus de 500 disparus, a annonc\u00e9 l\u2019agence de gestion des catastrophes.<\/p>\n<p class=\"asset asset-text\">\u00ab\u00a0L\u2019eau m\u2019arrivait jusqu\u2019au cou\u00a0\u00bb, t\u00e9moigne aupr\u00e8s de l\u2019AFP Misbahul Munir, 28\u00a0ans, habitant d\u2019Aceh Nord, \u00e0 la pointe nord de Sumatra, surpris par la mont\u00e9e des eaux alors qu\u2019il \u00e9tait au volant de sa voiture. Et pour les habitants r\u00e9fugi\u00e9s dans les centres d\u2019accueil, \u00ab\u00a0les conditions sont pr\u00e9occupantes. Il y a des femmes enceintes et des jeunes enfants\u00a0\u00bb, explique-t-il, ajoutant qu\u2019\u00ab\u00a0il n\u2019y a plus d\u2019\u00e9lectricit\u00e9\u00a0\u00bb.<\/p>\n<p class=\"asset asset-text\">Arriv\u00e9 lundi matin dans le nord de Sumatra, le pr\u00e9sident indon\u00e9sien Prabowo Subianto a annonc\u00e9 que \u00ab\u00a0la priorit\u00e9 du gouvernement \u00e9tait d\u00e9sormais d\u2019envoyer imm\u00e9diatement l\u2019aide n\u00e9cessaire\u00a0\u00bb. Le chef d\u2019\u00c9tat subit d\u00e9sormais une pression croissante pour d\u00e9clarer l\u2019\u00e9tat d\u2019urgence national face \u00e0 la catastrophe naturelle la plus meurtri\u00e8re du pays depuis le tremblement de terre et le tsunami qui ont fait plus de 2000 morts aux C\u00e9l\u00e8bes en 2018.<\/p>\n<p>    Catastrophe historique au Sri Lanka    <\/p>\n<p class=\"asset asset-text\">Contrairement \u00e0 son homologue sri-lankais, le dirigeant indon\u00e9sien n\u2019a pas lanc\u00e9 d\u2019appel \u00e0 l\u2019aide internationale. Pour l\u2019heure, seul le d\u00e9ploiement d\u2019avions et h\u00e9licopt\u00e8res pour les op\u00e9rations de secours a \u00e9t\u00e9 annonc\u00e9. En plus des trois navires militaires d\u00e9j\u00e0 d\u00e9p\u00each\u00e9s dans les zones les plus touch\u00e9es, o\u00f9 de nombreuses routes restent impraticables, en raison de la boue et des d\u00e9bris.<\/p>\n<p class=\"asset asset-text\">Du c\u00f4t\u00e9 du Sri Lanka, la pluie avait cess\u00e9 dimanche sur l\u2019ensemble du pays. Une interruption qui co\u00efncide avec le lancement d\u2019op\u00e9ration de secours de grande envergure par les autorit\u00e9s locales. Le gouvernement sri-lankais a utilis\u00e9 des h\u00e9licopt\u00e8res militaires pour secourir les personnes bloqu\u00e9es par les inondations et les glissements de terrain provoqu\u00e9s par le cyclone Ditwah. Mais l\u2019un d\u2019eux s\u2019est \u00e9cras\u00e9 dimanche soir au nord de Colombo.<\/p>\n<p class=\"asset asset-text\">Au moins 334 personnes ont \u00e9t\u00e9 tu\u00e9es, a d\u00e9clar\u00e9 d\u00e8s dimanche l\u2019agence sri-lankaise charg\u00e9e des catastrophes. Plusieurs centaines d\u2019autres personnes \u00e9taient toujours port\u00e9es disparues, alors que les secouristes d\u00e9blayaient les routes bloqu\u00e9es par des arbres d\u00e9racin\u00e9s et des coul\u00e9es de boue. Les pertes et les d\u00e9g\u00e2ts sont les plus importants au Sri Lanka depuis le tsunami d\u00e9vastateur de 2004.<\/p>\n<p>    Col\u00e8re en Tha\u00eflande    <\/p>\n<p class=\"asset asset-text\">En pleine saison de la mousson dans une grande partie de l\u2019Asie, de fortes pluies ont aussi provoqu\u00e9 des glissements de terrain et des crues soudaines. En raison de ces pluies torrentielles, au moins 176 personnes sont d\u00e9c\u00e9d\u00e9es dans le sud de la Tha\u00eflande, dans l\u2019une des inondations les plus meurtri\u00e8res que le pays ait connues depuis dix ans.<\/p>\n<p class=\"asset asset-text\">Le gouvernement a mis en place des mesures d\u2019aide, mais les critiques de la population \u00e0 l\u2019\u00e9gard de la gestion de la catastrophe se multiplient, et deux responsables locaux ont d\u00e9j\u00e0 \u00e9t\u00e9 suspendus pour des manquements pr\u00e9sum\u00e9s. De l\u2019autre c\u00f4t\u00e9 de la fronti\u00e8re, en Malaisie, o\u00f9 de fortes pluies ont \u00e9galement inond\u00e9 de vastes \u00e9tendues de terre dans l\u2019\u00c9tat de Perlis, deux personnes ont trouv\u00e9 la mort.<\/p>\n","protected":false},"excerpt":{"rendered":"ISHARA S. KODIKARA \/ AFP Des personnes r\u00e9fugi\u00e9es sur des bateaux de l\u2019arm\u00e9e sri-lankaise le 30\u00a0novembre\u00a02025 dans une&hellip;\n","protected":false},"author":2,"featured_media":570851,"comment_status":"","ping_status":"","sticky":false,"template":"","format":"standard","meta":{"footnotes":""},"categories":[5],"tags":[11,6060,4732,436,1011,27,14,12,28],"class_list":{"0":"post-570850","1":"post","2":"type-post","3":"status-publish","4":"format-standard","5":"has-post-thumbnail","7":"category-international","8":"tag-actualites","9":"tag-asie","10":"tag-catastrophe-naturelle","11":"tag-environnement","12":"tag-fr","13":"tag-france","14":"tag-international","15":"tag-news","16":"tag-world"},"share_on_mastodon":{"url":"https:\/\/pubeurope.com\/@fr\/115644185723304022","error":""},"_links":{"self":[{"href":"https:\/\/www.europesays.com\/fr\/wp-json\/wp\/v2\/posts\/570850","targetHints":{"allow":["GET"]}}],"collection":[{"href":"https:\/\/www.europesays.com\/fr\/wp-json\/wp\/v2\/posts"}],"about":[{"href":"https:\/\/www.europesays.com\/fr\/wp-json\/wp\/v2\/types\/post"}],"author":[{"embeddable":true,"href":"https:\/\/www.europesays.com\/fr\/wp-json\/wp\/v2\/users\/2"}],"replies":[{"embeddable":true,"href":"https:\/\/www.europesays.com\/fr\/wp-json\/wp\/v2\/comments?post=570850"}],"version-history":[{"count":0,"href":"https:\/\/www.europesays.com\/fr\/wp-json\/wp\/v2\/posts\/570850\/revisions"}],"wp:featuredmedia":[{"embeddable":true,"href":"https:\/\/www.europesays.com\/fr\/wp-json\/wp\/v2\/media\/570851"}],"wp:attachment":[{"href":"https:\/\/www.europesays.com\/fr\/wp-json\/wp\/v2\/media?parent=570850"}],"wp:term":[{"taxonomy":"category","embeddable":true,"href":"https:\/\/www.europesays.com\/fr\/wp-json\/wp\/v2\/categories?post=570850"},{"taxonomy":"post_tag","embeddable":true,"href":"https:\/\/www.europesays.com\/fr\/wp-json\/wp\/v2\/tags?post=570850"}],"curies":[{"name":"wp","href":"https:\/\/api.w.org\/{rel}","templated":true}]}}