{"id":570856,"date":"2025-12-01T11:58:11","date_gmt":"2025-12-01T11:58:11","guid":{"rendered":"https:\/\/www.europesays.com\/fr\/570856\/"},"modified":"2025-12-01T11:58:11","modified_gmt":"2025-12-01T11:58:11","slug":"un-homme-de-23-ans-interpelle","status":"publish","type":"post","link":"https:\/\/www.europesays.com\/fr\/570856\/","title":{"rendered":"un homme de 23 ans interpell\u00e9"},"content":{"rendered":"<p>Il est aux alentours de 18 heures, ce jeudi 27\u00a0novembre, quand une adolescente de 16 ans emprunte le tramway de Saint-\u00c9tienne entre Bellevue et le centre-ville.<\/p>\n<p>Un homme s\u2019approche, soul\u00e8ve la veste de la jeune fille et lui touche les fesses. Elle parvient \u00e0 se d\u00e9caler mais l\u2019homme la suit, se colle et se frotte contre elle. La jeune victime a le r\u00e9flexe de se d\u00e9caler et de sortir son t\u00e9l\u00e9phone portable pour capter son agresseur. Dans la foul\u00e9e, elle compose le 17 pour pr\u00e9venir les services de police.<\/p>\n<p>  Une intervention rapide de la BSTC<\/p>\n<p>La brigade de s\u00e9curisation des transports en commun (BSTC) intervient rapidement et, gr\u00e2ce \u00e0 la description pr\u00e9cise, interpelle le suspect \u00e0 l\u2019arr\u00eat Jean-Jaur\u00e8s. Sur lui, les fonctionnaires trouvent aussi de la r\u00e9sine de cannabis.<\/p>\n<p>Plac\u00e9 en garde \u00e0 vue, ce St\u00e9phanois de 23 ans a ensuite \u00e9t\u00e9 pr\u00e9sent\u00e9 \u00e0 un magistrat, pour agression sexuelle sur mineure de plus de 15 ans et usage de stup\u00e9fiant.<\/p>\n<p>Il a \u00e9t\u00e9 plac\u00e9 sous contr\u00f4le judiciaire en attendant qu\u2019une expertise psychiatrique soit r\u00e9alis\u00e9e.<\/p>\n","protected":false},"excerpt":{"rendered":"Il est aux alentours de 18 heures, ce jeudi 27\u00a0novembre, quand une adolescente de 16 ans emprunte le&hellip;\n","protected":false},"author":2,"featured_media":570857,"comment_status":"","ping_status":"","sticky":false,"template":"","format":"standard","meta":{"footnotes":""},"categories":[9653],"tags":[1111,11,2430,271,272,7539,1777,674,274,107,1011,27,3367,12,25,4001,7538],"class_list":{"0":"post-570856","1":"post","2":"type-post","3":"status-publish","4":"format-standard","5":"has-post-thumbnail","7":"category-saint-etienne","8":"tag-actu","9":"tag-actualites","10":"tag-auvergne-rhone-alpes","11":"tag-crime","12":"tag-delit-et-contravention","13":"tag-edition-loire-sud","14":"tag-eu","15":"tag-europe","16":"tag-faits-divers-justice","17":"tag-fil-info","18":"tag-fr","19":"tag-france","20":"tag-loire","21":"tag-news","22":"tag-republique-francaise","23":"tag-saint-etienne","24":"tag-saint-etienne-ville"},"share_on_mastodon":{"url":"https:\/\/pubeurope.com\/@fr\/115644196790766348","error":""},"_links":{"self":[{"href":"https:\/\/www.europesays.com\/fr\/wp-json\/wp\/v2\/posts\/570856","targetHints":{"allow":["GET"]}}],"collection":[{"href":"https:\/\/www.europesays.com\/fr\/wp-json\/wp\/v2\/posts"}],"about":[{"href":"https:\/\/www.europesays.com\/fr\/wp-json\/wp\/v2\/types\/post"}],"author":[{"embeddable":true,"href":"https:\/\/www.europesays.com\/fr\/wp-json\/wp\/v2\/users\/2"}],"replies":[{"embeddable":true,"href":"https:\/\/www.europesays.com\/fr\/wp-json\/wp\/v2\/comments?post=570856"}],"version-history":[{"count":0,"href":"https:\/\/www.europesays.com\/fr\/wp-json\/wp\/v2\/posts\/570856\/revisions"}],"wp:featuredmedia":[{"embeddable":true,"href":"https:\/\/www.europesays.com\/fr\/wp-json\/wp\/v2\/media\/570857"}],"wp:attachment":[{"href":"https:\/\/www.europesays.com\/fr\/wp-json\/wp\/v2\/media?parent=570856"}],"wp:term":[{"taxonomy":"category","embeddable":true,"href":"https:\/\/www.europesays.com\/fr\/wp-json\/wp\/v2\/categories?post=570856"},{"taxonomy":"post_tag","embeddable":true,"href":"https:\/\/www.europesays.com\/fr\/wp-json\/wp\/v2\/tags?post=570856"}],"curies":[{"name":"wp","href":"https:\/\/api.w.org\/{rel}","templated":true}]}}