{"id":570862,"date":"2025-12-01T12:01:22","date_gmt":"2025-12-01T12:01:22","guid":{"rendered":"https:\/\/www.europesays.com\/fr\/570862\/"},"modified":"2025-12-01T12:01:22","modified_gmt":"2025-12-01T12:01:22","slug":"qui-est-le-milieu-jeremy-gelin","status":"publish","type":"post","link":"https:\/\/www.europesays.com\/fr\/570862\/","title":{"rendered":"qui est le milieu J\u00e9r\u00e9my G\u00e9lin"},"content":{"rendered":"<p>Natif de Quimper, J\u00e9r\u00e9my G\u00e9lin a grandi dans sa Bretagne natale, o\u00f9 il a commenc\u00e9 le foot au club de l&rsquo;US Pluguffan. Apr\u00e8s un passage au p\u00f4le espoirs de Ploufragan, il rejoint le Stade Rennais pour poursuivre sa formation en 2012 \u00e0 quinze ans.<\/p>\n<p>Il fait toutes ses classes chez les \u00ab\u00a0Rouges et Noirs\u00a0\u00bb et signe professionnel en 2016 apr\u00e8s avoir d\u00e9but\u00e9 en Ligue 1 un peu plus t\u00f4t sous les ordres de Philippe Montanier.<\/p>\n<p> Avec Rennes, il participe plus tard \u00e0 la Ligue Europa en 2018-2019 ainsi qu&rsquo;au beau parcours du club breton en Coupe de France avec la bande de Julien St\u00e9phan, victorieuse en finale du PSG (2-2, 6-5 TAB).<\/p>\n<p>Son passage en Ille-et-Villaine est aussi marqu\u00e9 par un pr\u00eat au Royal Antwerp (Jupiler Pro League) en 2020-2021 et une rupture du ligament crois\u00e9 ant\u00e9rieur du genou en juillet 2021, qui l&rsquo;a priv\u00e9 d&rsquo;une participation aux Jeux Olympiques de Tokyo avec l&rsquo;\u00e9quipe de France.<\/p>\n<p>Apr\u00e8s son r\u00e9tablissement, il rejoint Amiens (Ligue 2) \u00e0 la fin de son contrat en 2022. En 2024, il met le cap sur Panserraikos en Gr\u00e8ce o\u00f9 il \u00e9volue une saison avant de r\u00e9silier, n&rsquo;\u00e9tant plus pay\u00e9.<\/p>\n","protected":false},"excerpt":{"rendered":"Natif de Quimper, J\u00e9r\u00e9my G\u00e9lin a grandi dans sa Bretagne natale, o\u00f9 il a commenc\u00e9 le foot au&hellip;\n","protected":false},"author":2,"featured_media":570863,"comment_status":"","ping_status":"","sticky":false,"template":"","format":"standard","meta":{"footnotes":""},"categories":[9635],"tags":[1111,11,3703,1704,1777,674,1701,63,1011,27,5325,775,230,1702,12,25,517,1700],"class_list":{"0":"post-570862","1":"post","2":"type-post","3":"status-publish","4":"format-standard","5":"has-post-thumbnail","7":"category-nancy","8":"tag-actu","9":"tag-actualites","10":"tag-asnl","11":"tag-edition-nancy-et-agglomeration","12":"tag-eu","13":"tag-europe","14":"tag-fil-info-sport","15":"tag-football","16":"tag-fr","17":"tag-france","18":"tag-galerie-media","19":"tag-grand-est","20":"tag-infographie","21":"tag-nancy","22":"tag-news","23":"tag-republique-francaise","24":"tag-sport","25":"tag-sport-lorrain"},"share_on_mastodon":{"url":"https:\/\/pubeurope.com\/@fr\/115644208591758028","error":""},"_links":{"self":[{"href":"https:\/\/www.europesays.com\/fr\/wp-json\/wp\/v2\/posts\/570862","targetHints":{"allow":["GET"]}}],"collection":[{"href":"https:\/\/www.europesays.com\/fr\/wp-json\/wp\/v2\/posts"}],"about":[{"href":"https:\/\/www.europesays.com\/fr\/wp-json\/wp\/v2\/types\/post"}],"author":[{"embeddable":true,"href":"https:\/\/www.europesays.com\/fr\/wp-json\/wp\/v2\/users\/2"}],"replies":[{"embeddable":true,"href":"https:\/\/www.europesays.com\/fr\/wp-json\/wp\/v2\/comments?post=570862"}],"version-history":[{"count":0,"href":"https:\/\/www.europesays.com\/fr\/wp-json\/wp\/v2\/posts\/570862\/revisions"}],"wp:featuredmedia":[{"embeddable":true,"href":"https:\/\/www.europesays.com\/fr\/wp-json\/wp\/v2\/media\/570863"}],"wp:attachment":[{"href":"https:\/\/www.europesays.com\/fr\/wp-json\/wp\/v2\/media?parent=570862"}],"wp:term":[{"taxonomy":"category","embeddable":true,"href":"https:\/\/www.europesays.com\/fr\/wp-json\/wp\/v2\/categories?post=570862"},{"taxonomy":"post_tag","embeddable":true,"href":"https:\/\/www.europesays.com\/fr\/wp-json\/wp\/v2\/tags?post=570862"}],"curies":[{"name":"wp","href":"https:\/\/api.w.org\/{rel}","templated":true}]}}