{"id":570864,"date":"2025-12-01T12:02:14","date_gmt":"2025-12-01T12:02:14","guid":{"rendered":"https:\/\/www.europesays.com\/fr\/570864\/"},"modified":"2025-12-01T12:02:14","modified_gmt":"2025-12-01T12:02:14","slug":"la-garde-sillumine-pour-noel-2025-les-hivernales-font-leur-retour","status":"publish","type":"post","link":"https:\/\/www.europesays.com\/fr\/570864\/","title":{"rendered":"La Garde s&rsquo;illumine pour No\u00ebl 2025 : Les Hivernales font leur retour"},"content":{"rendered":"<p>\t\t\t\t\tCOUPS DE COEUR<\/p>\n<p>\t\t\t\t\t\tBy\u00a0<a href=\"https:\/\/www.le-mensuel.com\/author\/morgane\/\" title=\"Articles par Morgane Le Mensuel\" rel=\"author noopener\" target=\"_blank\">Morgane Le Mensuel<\/a>\u00a0|\u00a030 novembre 2025<\/p>\n<p>\t\t\t\t\t\t<b>No\u00ebl 2025 \u00e0 <\/b><b>La Garde,\u00a0<\/b><b>Les Hivernales<\/b><br \/>\nevents \/ No\u00ebl \/ march\u00e9 \/ parade \/ spectacles \/ ateliers<\/p>\n<ul>\n<li>28 novembre &gt; 28 d\u00e9cembre 2025 \/ La Garde \/ Esplanade G\u00e9rard Philipe + Place de la R\u00e9publique \/ <a href=\"http:\/\/ville-lagarde.fr\/\" target=\"_blank\" rel=\"noopener\">programme complet ici !<\/a><\/li>\n<\/ul>\n<p>\u00a0<\/p>\n<p><b>No\u00ebl 2025 \u00e0 <\/b><b>La Garde<\/b> : <b>Plus festive que jamais !<\/b><\/p>\n<p>\u00a0<\/p>\n<p><b>Les Hivernales reviennent \u00e0 La Garde<\/b> pour de la joie et de la magie \u00e0 partager jusqu\u2019au 28 d\u00e9cembre ! Sur l\u2019esplanade G\u00e9rard Philipe, place \u00e0 la f\u00eate foraine ! <b>Ses nombreuses attractions et son atmosph\u00e8re chaleureuse<\/b> en feront un endroit privil\u00e9gi\u00e9 pour les familles ! De l\u2019animation, il y en aura \u00e9galement dans les rues du village gr\u00e2ce aux <b>parades : folkloriques, musicales ou enchant\u00e9es<\/b>, suivez celle qui vous pla\u00eet ! Et parce que les f\u00eates riment aussi avec plaisir d\u2019offrir, un lieu, un seul : la place de la R\u00e9publique, <b>caverne d\u2019Ali Baba de No\u00ebl avec sa centaine de marchands ! <\/b>Des ateliers cr\u00e9atifs, une foire aux santons, un chalet du P\u00e8re No\u00ebl, un \u00ab\u00a0Christmas dog\u00a0\u00bb et un d\u00eener-spectacle \u00ab\u00a0cabaret\u00a0\u00bb pour la Saint-Sylvestre compl\u00e9teront cette joyeuse programmation !<\/p>\n<p>\u00a0<\/p>\n<p style=\"text-align: right;\">\u00a9 Texte Rita Carvalho pour Le Mensuel \/ Photo DR<\/p>\n<p>\u00a0<\/p>\n<p><a href=\"https:\/\/www.le-mensuel.com\/category\/coups-de-coeur\/events\/\" target=\"_blank\" rel=\"noopener\">\u21b5 Retour vers la rubrique \u00ab\u00a0events\u00a0\u00bb<\/a><\/p>\n<p>\u00a0<\/p>\n<p>\u00a0<\/p>\n","protected":false},"excerpt":{"rendered":"COUPS DE COEUR By\u00a0Morgane Le Mensuel\u00a0|\u00a030 novembre 2025 No\u00ebl 2025 \u00e0 La Garde,\u00a0Les Hivernales events \/ No\u00ebl \/&hellip;\n","protected":false},"author":2,"featured_media":570865,"comment_status":"","ping_status":"","sticky":false,"template":"","format":"standard","meta":{"footnotes":""},"categories":[9619],"tags":[1111,11,1777,674,1011,27,12,882,25,2310],"class_list":{"0":"post-570864","1":"post","2":"type-post","3":"status-publish","4":"format-standard","5":"has-post-thumbnail","7":"category-toulon","8":"tag-actu","9":"tag-actualites","10":"tag-eu","11":"tag-europe","12":"tag-fr","13":"tag-france","14":"tag-news","15":"tag-provence-alpes-cote-dazur","16":"tag-republique-francaise","17":"tag-toulon"},"share_on_mastodon":{"url":"https:\/\/pubeurope.com\/@fr\/115644212601935749","error":""},"_links":{"self":[{"href":"https:\/\/www.europesays.com\/fr\/wp-json\/wp\/v2\/posts\/570864","targetHints":{"allow":["GET"]}}],"collection":[{"href":"https:\/\/www.europesays.com\/fr\/wp-json\/wp\/v2\/posts"}],"about":[{"href":"https:\/\/www.europesays.com\/fr\/wp-json\/wp\/v2\/types\/post"}],"author":[{"embeddable":true,"href":"https:\/\/www.europesays.com\/fr\/wp-json\/wp\/v2\/users\/2"}],"replies":[{"embeddable":true,"href":"https:\/\/www.europesays.com\/fr\/wp-json\/wp\/v2\/comments?post=570864"}],"version-history":[{"count":0,"href":"https:\/\/www.europesays.com\/fr\/wp-json\/wp\/v2\/posts\/570864\/revisions"}],"wp:featuredmedia":[{"embeddable":true,"href":"https:\/\/www.europesays.com\/fr\/wp-json\/wp\/v2\/media\/570865"}],"wp:attachment":[{"href":"https:\/\/www.europesays.com\/fr\/wp-json\/wp\/v2\/media?parent=570864"}],"wp:term":[{"taxonomy":"category","embeddable":true,"href":"https:\/\/www.europesays.com\/fr\/wp-json\/wp\/v2\/categories?post=570864"},{"taxonomy":"post_tag","embeddable":true,"href":"https:\/\/www.europesays.com\/fr\/wp-json\/wp\/v2\/tags?post=570864"}],"curies":[{"name":"wp","href":"https:\/\/api.w.org\/{rel}","templated":true}]}}