{"id":570866,"date":"2025-12-01T12:03:14","date_gmt":"2025-12-01T12:03:14","guid":{"rendered":"https:\/\/www.europesays.com\/fr\/570866\/"},"modified":"2025-12-01T12:03:14","modified_gmt":"2025-12-01T12:03:14","slug":"a50-a57-fermeture-tunnel-de-toulon-mardi-11","status":"publish","type":"post","link":"https:\/\/www.europesays.com\/fr\/570866\/","title":{"rendered":"A50-A57 fermeture tunnel de Toulon Mardi"},"content":{"rendered":"<ol class=\"breadcrumb\" itemscope=\"\" itemtype=\"https:\/\/schema.org\/BreadcrumbList\">\n<li itemprop=\"itemListElement\" itemscope=\"\" itemtype=\"https:\/\/schema.org\/ListItem\">\n                    <a itemprop=\"item\" href=\"https:\/\/radio.vinci-autoroutes.com\/\" target=\"_blank\" rel=\"noopener\"><br \/>\n                        Accueil<br \/>\n                    <\/a><\/p>\n<\/li>\n<li itemprop=\"itemListElement\" itemscope=\"\" itemtype=\"https:\/\/schema.org\/ListItem\">\n                        <a itemprop=\"item\" href=\"https:\/\/radio.vinci-autoroutes.com\/rubrique\/infotrafic\" target=\"_blank\" rel=\"noopener\"><br \/>\n                            Actu trafic<br \/>\n                        <\/a><\/p>\n<\/li>\n<li itemprop=\"itemListElement\" itemscope=\"\" itemtype=\"https:\/\/schema.org\/ListItem\">\n                        <a itemprop=\"item\" href=\"https:\/\/radio.vinci-autoroutes.com\/rubrique\/travaux\" target=\"_blank\" rel=\"noopener\"><br \/>\n                            Travaux<br \/>\n                        <\/a><\/p>\n<\/li>\n<\/ol>\n<p class=\"article-chapeau\" itemprop=\"description\">\u00c0 Toulon, la nuit du mardi 2 au mercredi 3 d\u00e9cembre, \u00e0 partir de 21h et au plus tard jusqu&rsquo;\u00e0 6h du matin, l&rsquo;autoroute A50 est ferm\u00e9e, en direction de Nice, entre Toulon le Port N\u00b016 et Toulon Centre N\u00b017, ce qui inclut le tunnel.<br \/>&#13;<br \/>\nDans l&rsquo;autre sens, sur l&rsquo;autoroute A50, le Tunnel est ferm\u00e9,  pour effectuer des travaux de maintenance.<\/p>\n<p class=\"article-author\">Auteur : Christophe Cherchour<\/p>\n<p class=\"article-modification\">Derni\u00e8re modification : 01\/12\/2025 12:33<\/p>\n<p>                <img decoding=\"async\" src=\"https:\/\/www.europesays.com\/fr\/wp-content\/uploads\/2025\/05\/M-jour-tunnel-toulon-sortie-est-S-LAVOUE.jpg\" alt=\"A50-A57 fermeture tunnel de Toulon Mardi\"\/><\/p>\n<p>                                                    0:20\n                                            <\/p>\n<p class=\"legende\">Sortie est du tunnel de Toulon en journ\u00e9e<\/p>\n<p>                            \u00a9 VINCI Autoroutes &#8211; S LAVOUE                        <\/p>\n<p>\n        Vous devez privil\u00e9giez un passage par le centre ville de Toulon.    <\/p>\n<p>            Pour approfondir le sujet<\/p>\n<p>        Partager cet article<\/p>\n","protected":false},"excerpt":{"rendered":"Accueil Actu trafic Travaux \u00c0 Toulon, la nuit du mardi 2 au mercredi 3 d\u00e9cembre, \u00e0 partir de&hellip;\n","protected":false},"author":2,"featured_media":70525,"comment_status":"","ping_status":"","sticky":false,"template":"","format":"standard","meta":{"footnotes":""},"categories":[9619],"tags":[34001,1111,11,49832,1777,674,13407,1011,27,9778,6774,12,293,5537,378,882,25,2310,17374],"class_list":{"0":"post-570866","1":"post","2":"type-post","3":"status-publish","4":"format-standard","5":"has-post-thumbnail","7":"category-toulon","8":"tag-a50-a57","9":"tag-actu","10":"tag-actualites","11":"tag-decembre","12":"tag-eu","13":"tag-europe","14":"tag-fermeture","15":"tag-fr","16":"tag-france","17":"tag-mardi","18":"tag-mercredi","19":"tag-news","20":"tag-nuit","21":"tag-partir","22":"tag-plus","23":"tag-provence-alpes-cote-dazur","24":"tag-republique-francaise","25":"tag-toulon","26":"tag-tunnel"},"share_on_mastodon":{"url":"https:\/\/pubeurope.com\/@fr\/115644216561927650","error":""},"_links":{"self":[{"href":"https:\/\/www.europesays.com\/fr\/wp-json\/wp\/v2\/posts\/570866","targetHints":{"allow":["GET"]}}],"collection":[{"href":"https:\/\/www.europesays.com\/fr\/wp-json\/wp\/v2\/posts"}],"about":[{"href":"https:\/\/www.europesays.com\/fr\/wp-json\/wp\/v2\/types\/post"}],"author":[{"embeddable":true,"href":"https:\/\/www.europesays.com\/fr\/wp-json\/wp\/v2\/users\/2"}],"replies":[{"embeddable":true,"href":"https:\/\/www.europesays.com\/fr\/wp-json\/wp\/v2\/comments?post=570866"}],"version-history":[{"count":0,"href":"https:\/\/www.europesays.com\/fr\/wp-json\/wp\/v2\/posts\/570866\/revisions"}],"wp:featuredmedia":[{"embeddable":true,"href":"https:\/\/www.europesays.com\/fr\/wp-json\/wp\/v2\/media\/70525"}],"wp:attachment":[{"href":"https:\/\/www.europesays.com\/fr\/wp-json\/wp\/v2\/media?parent=570866"}],"wp:term":[{"taxonomy":"category","embeddable":true,"href":"https:\/\/www.europesays.com\/fr\/wp-json\/wp\/v2\/categories?post=570866"},{"taxonomy":"post_tag","embeddable":true,"href":"https:\/\/www.europesays.com\/fr\/wp-json\/wp\/v2\/tags?post=570866"}],"curies":[{"name":"wp","href":"https:\/\/api.w.org\/{rel}","templated":true}]}}