{"id":570883,"date":"2025-12-01T12:13:19","date_gmt":"2025-12-01T12:13:19","guid":{"rendered":"https:\/\/www.europesays.com\/fr\/570883\/"},"modified":"2025-12-01T12:13:19","modified_gmt":"2025-12-01T12:13:19","slug":"strasbourg-bassin-vide-nouveaux-jeux-bancs-dallaitement-ce-qui-attend-le-parc-de-lorangerie-dici-2035","status":"publish","type":"post","link":"https:\/\/www.europesays.com\/fr\/570883\/","title":{"rendered":"Strasbourg. Bassin vid\u00e9, nouveaux jeux, bancs d\u2019allaitement&#8230; ce qui attend le parc de l\u2019Orangerie d&rsquo;ici 2035"},"content":{"rendered":"<p>                    Par<br \/>\n        <strong><br \/>\n            <a href=\"https:\/\/actu.fr\/auteur\/thomas-blanc\" title=\"Consulter tous les articles de Thomas Blanc\" target=\"_blank\" rel=\"noopener\">Thomas Blanc<\/a><br \/>\n                    <\/strong><\/p>\n<p>        Publi\u00e9 le<\/p>\n<p>            1 d\u00e9c. 2025 \u00e0 12h43        <\/p>\n<p>Le plus grand parc de <a href=\"https:\/\/actu.fr\/strasbourg\/\" target=\"_blank\" rel=\"noopener\">Strasbourg<\/a>, celui de <a href=\"https:\/\/actu.fr\/tag\/parc-de-l-orangerie\" target=\"_blank\" rel=\"noopener\">l\u2019Orangerie<\/a>, va entrer dans une <strong>phase d\u2019\u00e9volution<\/strong>. De nombreux <a href=\"https:\/\/actu.fr\/tag\/travaux\" target=\"_blank\" rel=\"noopener\">travaux<\/a> s\u2019y succ\u00e9deront d\u2019ici 2035. Ils auront pour but de rendre le parc <strong>accessible \u00e0 tous<\/strong> et plus favorable \u00e0 <strong>la biodiversit\u00e9 et au climat<\/strong> de demain. Voici les plus gros projets.<\/p>\n<p>    <a href=\"https:\/\/www.google.com\/maps\/embed?pb=!1m14!1m8!1m3!1d10556.409656513943!2d7.765936865173351!3d48.588737879303!3m2!1i1024!2i768!4f13.1!3m3!1m2!1s0x4796c8ee729e6f55%3A0x213df2be8e5cd390!2sParc%20de%20l%27Orangerie!5e0!3m2!1sfr!2sfr!4v1764587916933!5m2!1sfr!2sfr\" title=\"Ouvrie le lien\" target=\"_blank\" rel=\"noopener\">Cliquez ici pour visualiser le contenu<\/a><\/p>\n<p>Nouveau bowling de l\u2019Orangerie et aires de jeux refaites<\/p>\n<p class=\" wall-content\">\u00ab\u2009C\u2019est le d\u00e9but d\u2019une nouvelle aventure\u2009\u00bb, annonce <a href=\"https:\/\/actu.fr\/grand-est\/strasbourg_67482\/municipales-2026-jeanne-barseghian-maire-de-strasbourg-candidate-a-sa-reelection_62866356.html\" target=\"_blank\" rel=\"noopener\">Jeanne Barseghian<\/a>, maire de Strasbourg, pour pr\u00e9senter le <strong>plan d\u2019\u00e9volution 2025-2035<\/strong> du parc de l\u2019Orangerie. La concertation avec les habitants au sujet de l\u2019am\u00e9lioration du parc a abouti et plusieurs travaux vont \u00eatre men\u00e9s.<\/p>\n<p class=\" wall-content\">Tout d\u2019abord, <a href=\"https:\/\/actu.fr\/grand-est\/strasbourg_67482\/strasbourg-l-ouverture-du-nouveau-bowling-du-parc-de-l-orangerie-retardee-voici-quand-il-va-ouvrir_63429817.html\" target=\"_blank\" rel=\"noopener\">le bowling de l\u2019Orangerie<\/a>, en reconstruction depuis 2023, ouvrira ses portes ce <strong>vendredi 5\u00a0d\u00e9cembre<\/strong>. Cela \u00ab\u2009redynamisera le quartier\u2009\u00bb, selon l\u2019\u00e9dile.<\/p>\n<p class=\" wall-content\">Du mobilier inclusif sera install\u00e9. Des bancs pour les s\u00e9niors et <a href=\"https:\/\/actu.fr\/grand-est\/strasbourg_67482\/des-bancs-d-allaitement-vont-etre-installes-au-parc-de-l-orangerie-a-strasbourg-on-vous-explique_63435088.html\" target=\"_blank\" rel=\"noopener\">des bancs d\u2019allaitement<\/a> feront leur apparition. Les aires de jeux dites \u00ab\u2009de l\u2019hippodrome\u2009\u00bb et \u00ab\u2009Arche de l\u2019Orangerie\u2009\u00bb seront refaites avec<strong> des jeux adapt\u00e9s aux enfants d\u00e9ficients sensoriels et mentaux<\/strong>. Elles seront livr\u00e9es <strong>en avril\u00a02026<\/strong>.<\/p>\n<p>De nombreux projets \u00e0 venir<\/p>\n<p class=\" wall-content\">L\u2019ancien zoo sera r\u00e9habilit\u00e9 sous l\u2019appellation \u00ab<strong>\u2009l\u2019Arche de l\u2019Orangerie<\/strong>\u2009\u00bb. Elle comprendra une <a href=\"https:\/\/actu.fr\/grand-est\/strasbourg_67482\/une-maison-de-retraite-pour-animaux-de-laboratoire-attendue-au-parc-de-l-orangerie-de-strasbourg-en-2026_63438953.html\" target=\"_blank\" rel=\"noopener\">\u00ab\u2009maison de retraite pour animaux de laboratoire\u2009\u00bb<\/a> appel\u00e9e Micado et des <strong>espaces p\u00e9dagogiques<\/strong> notamment d\u00e9di\u00e9s aux enfants d\u00e8s f\u00e9vrier\u00a02026. <strong>Un centre relais pour la faune sauvage bless\u00e9e<\/strong> na\u00eetra \u00e9galement, mais ses travaux s\u2019ach\u00e8veront en janvier 2028.<\/p>\n<p class=\" wall-content\">\u00c0 \u00ab\u2009court terme\u2009\u00bb, le bassin sera <strong>compl\u00e8tement vid\u00e9<\/strong> afin d\u2019\u00eatre d\u00e9vas\u00e9 et de proc\u00e9der \u00e0 l\u2019ajout de plantes aquatiques.<\/p>\n<p>Votre r\u00e9gion, votre actu !<\/p>\n<p>Recevez chaque jour les infos qui comptent pour vous.<\/p>\n<p>\t<a href=\"https:\/\/actu.fr\/newsletter\" class=\"ac-btn ac-btn--corner ac-btn--medium ac-btn--blue800\" target=\"_blank\" rel=\"noopener\">S&rsquo;incrire<\/a><\/p>\n<p class=\" wall-content\">Et enfin, p\u00eale-m\u00eale\u2009: l\u2019aire d\u2019\u00e9bats pour chiens sera rendue \u00ab\u2009plus fonctionnelle\u2009\u00bb, un sentier botanique sera cr\u00e9\u00e9 \u00ab\u2009dans moins de deux ans\u2009\u00bb, des arbres et arbustes seront plant\u00e9s et de nouvelles toilettes seront ouvertes au bowling et \u00e0 l\u2019aire de jeu de l\u2019Hippodrome.<\/p>\n<p class=\" wall-content\">Personnalisez votre actualit\u00e9 en ajoutant vos villes et m\u00e9dias en favori avec <a href=\"https:\/\/moncompte.actu.fr\" title=\"D\u00e9couvez Mon Actu\" rel=\"nofollow noopener\" data-trk=\"{&quot;cta&quot;:{&quot;action&quot;:&quot;https:\\\/\\\/moncompte.actu.fr&quot;,&quot;category&quot;:&quot;mon compte&quot;,&quot;from&quot;:&quot;article footer&quot;,&quot;name&quot;:&quot;Mon actu&quot;,&quot;type&quot;:&quot;cta&quot;}}\" target=\"_blank\">Mon Actu<\/a>.<\/p>\n","protected":false},"excerpt":{"rendered":"Par Thomas Blanc Publi\u00e9 le 1 d\u00e9c. 2025 \u00e0 12h43 Le plus grand parc de Strasbourg, celui de&hellip;\n","protected":false},"author":2,"featured_media":570884,"comment_status":"","ping_status":"","sticky":false,"template":"","format":"standard","meta":{"footnotes":""},"categories":[2820],"tags":[1111,11,1777,674,1011,27,775,12,25967,25,104,640,2086],"class_list":{"0":"post-570883","1":"post","2":"type-post","3":"status-publish","4":"format-standard","5":"has-post-thumbnail","7":"category-strasbourg","8":"tag-actu","9":"tag-actualites","10":"tag-eu","11":"tag-europe","12":"tag-fr","13":"tag-france","14":"tag-grand-est","15":"tag-news","16":"tag-parc-de-lorangerie","17":"tag-republique-francaise","18":"tag-societe","19":"tag-strasbourg","20":"tag-travaux"},"share_on_mastodon":{"url":"https:\/\/pubeurope.com\/@fr\/115644255944154708","error":""},"_links":{"self":[{"href":"https:\/\/www.europesays.com\/fr\/wp-json\/wp\/v2\/posts\/570883","targetHints":{"allow":["GET"]}}],"collection":[{"href":"https:\/\/www.europesays.com\/fr\/wp-json\/wp\/v2\/posts"}],"about":[{"href":"https:\/\/www.europesays.com\/fr\/wp-json\/wp\/v2\/types\/post"}],"author":[{"embeddable":true,"href":"https:\/\/www.europesays.com\/fr\/wp-json\/wp\/v2\/users\/2"}],"replies":[{"embeddable":true,"href":"https:\/\/www.europesays.com\/fr\/wp-json\/wp\/v2\/comments?post=570883"}],"version-history":[{"count":0,"href":"https:\/\/www.europesays.com\/fr\/wp-json\/wp\/v2\/posts\/570883\/revisions"}],"wp:featuredmedia":[{"embeddable":true,"href":"https:\/\/www.europesays.com\/fr\/wp-json\/wp\/v2\/media\/570884"}],"wp:attachment":[{"href":"https:\/\/www.europesays.com\/fr\/wp-json\/wp\/v2\/media?parent=570883"}],"wp:term":[{"taxonomy":"category","embeddable":true,"href":"https:\/\/www.europesays.com\/fr\/wp-json\/wp\/v2\/categories?post=570883"},{"taxonomy":"post_tag","embeddable":true,"href":"https:\/\/www.europesays.com\/fr\/wp-json\/wp\/v2\/tags?post=570883"}],"curies":[{"name":"wp","href":"https:\/\/api.w.org\/{rel}","templated":true}]}}