{"id":570885,"date":"2025-12-01T12:14:21","date_gmt":"2025-12-01T12:14:21","guid":{"rendered":"https:\/\/www.europesays.com\/fr\/570885\/"},"modified":"2025-12-01T12:14:21","modified_gmt":"2025-12-01T12:14:21","slug":"on-a-retrouve-notre-adn-apres-sa-victoire-a-strasbourg-le-stade-brestois-tient-peut-etre-sa-sequence-reference","status":"publish","type":"post","link":"https:\/\/www.europesays.com\/fr\/570885\/","title":{"rendered":"\u00ab\u00a0On a retrouv\u00e9 notre ADN\u00a0!\u00a0\u00bb\u00a0: apr\u00e8s sa victoire \u00e0 Strasbourg, le Stade Brestois tient peut-\u00eatre sa s\u00e9quence \u00ab\u00a0r\u00e9f\u00e9rence\u00a0\u00bb"},"content":{"rendered":"<p>Les Brestois n\u2019ont pas eu le temps de visiter le march\u00e9 de No\u00ebl de Strasbourg. Mais ce qu\u2019ils ont ramen\u00e9 de ce long d\u00e9placement (1 000 km \u00e0 vol de cigogne) vaut toutes les babioles et tous les verres de vin chaud du monde. Le Stade Brestois est reparti d\u2019Alsace avec <a href=\"https:\/\/www.letelegramme.fr\/sports\/football\/stade-brestois\/strasbourg-brest-le-resume-de-la-victoire-heureuse-des-brestois-en-alsace-6938273.php\" target=\"_blank\" rel=\"noopener\">trois points<\/a> et pas mal de certitudes.<\/p>\n<p>Vite men\u00e9e, et m\u00eame malmen\u00e9e en premi\u00e8re mi-temps, <a href=\"https:\/\/www.letelegramme.fr\/sports\/football\/stade-brestois\/strasbourg-brest-le-resume-de-la-victoire-heureuse-des-brestois-en-alsace-6938273.php\" target=\"_blank\" rel=\"noopener\">l\u2019\u00e9quipe d\u2019\u00c9ric Roy s\u2019est ressaisie \u00e0 la pause pour remporter un succ\u00e8s pr\u00e9cieux (1-2)<\/a>. Et faire mentir les statistiques : avant de recevoir Brest, Strasbourg n\u2019avait jamais \u00e9t\u00e9 battu par une \u00e9quipe de deuxi\u00e8me partie de tableau, cette saison et n\u2019avait jamais encha\u00een\u00e9 deux d\u00e9faites en Ligue 1. \u00ab Il faut aussi se rappeler qu\u2019ils n\u2019avaient encaiss\u00e9 que deux buts \u00e0 domicile, a ajout\u00e9 \u00c9ric Roy. C\u2019est vrai que \u00e7a fait plaisir ! \u00bb<\/p>\n<p>\u00ab Match de r\u00e9f\u00e9rence \u00bb<\/p>\n<p>L\u2019entra\u00eeneur brestois voit dans ce succ\u00e8s \u00ab un match de r\u00e9f\u00e9rence \u00bb. Surtout pour cette excellence s\u00e9quence en d\u00e9but de seconde mi-temps : \u00ab Pendant 20-25 minutes, on a vraiment pris le dessus. On les a priv\u00e9s de ballon, on a pris le jeu \u00e0 notre compte et on a r\u00e9ussi \u00e0 les faire reculer. Et on \u00e9galise dans ce temps fort \u00bb.<\/p>\n<p>En mettant une grande intensit\u00e9, \u00ab on a retrouv\u00e9 notre ADN \u00bb, a consid\u00e9r\u00e9 Brendan Chardonnet, <a href=\"https:\/\/www.letelegramme.fr\/sports\/football\/stade-brestois\/je-sentais-que-je-commencais-a-perdre-la-vision-brendan-chardonnet-explique-pourquoi-il-a-demande-a-sortir-lors-de-strasbourg-brest-6938344.php\" target=\"_blank\" rel=\"noopener\">sorti \u00e0 la mi-temps, touch\u00e9 au visage<\/a>. \u00ab On a eu deux semaines de <a href=\"https:\/\/www.letelegramme.fr\/sports\/football\/stade-brestois\/seances-de-force-conseil-des-sages-et-padel-comment-le-stade-brestois-a-travaille-pendant-cette-treve-pour-retrouver-son-adn-6933616.php\" target=\"_blank\" rel=\"noopener\">travail intense pendant la tr\u00eave<\/a>, physiquement et tactiquement, a poursuivi son vice-capitaine Hugo Magnetti, auteur d\u2019un but magistral apr\u00e8s le penalty de Romain Del Castillo. On a corrig\u00e9 nos d\u00e9fauts. Tout n\u2019est pas parfait, mais il y a beaucoup de bonnes choses sur ces deux derniers matchs. \u00bb<\/p>\n<p>F\u00e9licit\u00e9s par Lorenzi<\/p>\n<p>Joris Chotard consid\u00e9rait lui aussi que les Brestois \u00e9taient \u00ab beaucoup mieux en place en deuxi\u00e8me mi-temps. On a r\u00e9cup\u00e9r\u00e9 pas mal de ballons hauts. Ce sont des choses \u00e0 garder pour les prochains matchs. \u00bb Le directeur sportif Gr\u00e9gory Lorenzi a d\u2019ailleurs pris la parole dans le vestiaire pour f\u00e9liciter les Brestois pour leur \u00e9tat d\u2019esprit et leur implication, notamment dans les duels.<\/p>\n<p>La bonne forme physique affich\u00e9e est aussi un autre motif de satisfaction. \u00ab Depuis le d\u00e9but de saison, on avait des joueurs qui n\u2019\u00e9taient pas pr\u00eats physiquement, a rappel\u00e9 <a href=\"https:\/\/www.letelegramme.fr\/sports\/football\/stade-brestois\/strasbourg-brest-ludovic-ajorque-la-disette-dun-avant-centre-pas-classique-6937446.php\" target=\"_blank\" rel=\"noopener\">Ludovic Ajorque<\/a>. Il a fallu remettre tout le monde au m\u00eame niveau physique. Et quand tout le monde est sur la m\u00eame longueur d\u2019onde, on fait de belles performances. \u00bb<\/p>\n<p>Eric Roy voit son \u00e9quipe \u00ab progresser, ce qui n\u2019est pas illogique, car notre effectif commence \u00e0 se stabiliser. On sent qu\u2019on a sur le banc des gar\u00e7ons capables d\u2019apporter quelque chose de diff\u00e9rent, d\u2019\u00eatre une deuxi\u00e8me lame ! \u00bb<\/p>\n<p>L\u2019entra\u00eeneur brestois a consid\u00e9r\u00e9 que\ufeff le but strasbourgeois \u00e9tait \u00ab une situation qu\u2019on doit \u00e9viter \u00bb, mais s\u2019est r\u00e9joui de la solidit\u00e9 affich\u00e9e en fin de match : \u00ab On ne s\u2019est pas affol\u00e9, alors qu\u2019on a eu des matchs o\u00f9 on a l\u00e2ch\u00e9 des points en se crispant dans les derni\u00e8res minutes \u00bb. Eric Roy \u00e9tait un \u00ab un entra\u00eeneur assez combl\u00e9 \u00bb, dimanche soir. Il le sera encore plus si Brest signe un gros r\u00e9sultat <a href=\"https:\/\/www.facebook.com\/letelegramme.sports\/posts\/pfbid02r6Zdws1Jt26UD2A6agrfvPmFhNbPxqpjUv9rhufxjtzkfi7N8LAksL2rhCdG5vv9l#\" target=\"_blank\" rel=\"noopener\">contre Monaco, vendredi<\/a> (19 h).<\/p>\n","protected":false},"excerpt":{"rendered":"Les Brestois n\u2019ont pas eu le temps de visiter le march\u00e9 de No\u00ebl de Strasbourg. Mais ce qu\u2019ils&hellip;\n","protected":false},"author":2,"featured_media":570886,"comment_status":"","ping_status":"","sticky":false,"template":"","format":"standard","meta":{"footnotes":""},"categories":[2820],"tags":[1111,11,3450,3166,1777,674,63,1011,27,775,66,12,25,60,4449,640],"class_list":{"0":"post-570885","1":"post","2":"type-post","3":"status-publish","4":"format-standard","5":"has-post-thumbnail","7":"category-strasbourg","8":"tag-actu","9":"tag-actualites","10":"tag-brest","11":"tag-en-continu-sports","12":"tag-eu","13":"tag-europe","14":"tag-football","15":"tag-fr","16":"tag-france","17":"tag-grand-est","18":"tag-ligue-1","19":"tag-news","20":"tag-republique-francaise","21":"tag-sports","22":"tag-stade-brestois","23":"tag-strasbourg"},"share_on_mastodon":{"url":"https:\/\/pubeurope.com\/@fr\/115644259729775670","error":""},"_links":{"self":[{"href":"https:\/\/www.europesays.com\/fr\/wp-json\/wp\/v2\/posts\/570885","targetHints":{"allow":["GET"]}}],"collection":[{"href":"https:\/\/www.europesays.com\/fr\/wp-json\/wp\/v2\/posts"}],"about":[{"href":"https:\/\/www.europesays.com\/fr\/wp-json\/wp\/v2\/types\/post"}],"author":[{"embeddable":true,"href":"https:\/\/www.europesays.com\/fr\/wp-json\/wp\/v2\/users\/2"}],"replies":[{"embeddable":true,"href":"https:\/\/www.europesays.com\/fr\/wp-json\/wp\/v2\/comments?post=570885"}],"version-history":[{"count":0,"href":"https:\/\/www.europesays.com\/fr\/wp-json\/wp\/v2\/posts\/570885\/revisions"}],"wp:featuredmedia":[{"embeddable":true,"href":"https:\/\/www.europesays.com\/fr\/wp-json\/wp\/v2\/media\/570886"}],"wp:attachment":[{"href":"https:\/\/www.europesays.com\/fr\/wp-json\/wp\/v2\/media?parent=570885"}],"wp:term":[{"taxonomy":"category","embeddable":true,"href":"https:\/\/www.europesays.com\/fr\/wp-json\/wp\/v2\/categories?post=570885"},{"taxonomy":"post_tag","embeddable":true,"href":"https:\/\/www.europesays.com\/fr\/wp-json\/wp\/v2\/tags?post=570885"}],"curies":[{"name":"wp","href":"https:\/\/api.w.org\/{rel}","templated":true}]}}