{"id":570887,"date":"2025-12-01T12:15:19","date_gmt":"2025-12-01T12:15:19","guid":{"rendered":"https:\/\/www.europesays.com\/fr\/570887\/"},"modified":"2025-12-01T12:15:19","modified_gmt":"2025-12-01T12:15:19","slug":"upe-06-un-atelier-pour-maitriser-la-redaction-des-baux-commerciaux","status":"publish","type":"post","link":"https:\/\/www.europesays.com\/fr\/570887\/","title":{"rendered":"UPE 06 : Un atelier pour ma\u00eetriser la r\u00e9daction des baux commerciaux"},"content":{"rendered":"<p>                    <img loading=\"lazy\" decoding=\"async\" src=\"https:\/\/www.europesays.com\/fr\/wp-content\/uploads\/2025\/12\/0d404df55312d27912a85f7a9c2015.png\" class=\"img-responsive post-image\" width=\"680\" height=\"510\" alt=\"UPE 06 : Un atelier (\u2026)\" title=\"UPE 06 : Un atelier pour ma\u00eetriser la r\u00e9daction des baux commerciaux\"\/><\/p>\n<p class=\"chapo\">L\u2019UPE06 propose le 10 d\u00e9cembre de 8h30 \u00e0 10h un atelier enti\u00e8rement consacr\u00e9 \u00e0 la r\u00e9daction des baux commerciaux. Cet \u00e9v\u00e9nement offrira une vision claire et actualis\u00e9e de la r\u00e9glementation en vigueur ainsi que des points de vigilance indispensables pour s\u00e9curiser les relations entre bailleurs et locataires.<\/p>\n<p>Ce rendez-vous propose une approche compl\u00e8te permettant de mieux comprendre les enjeux juridiques et pratiques d\u2019un bail commercial. Les participants pourront ainsi acqu\u00e9rir les r\u00e9flexes essentiels pour naviguer dans un cadre l\u00e9gal complexe et en constante \u00e9volution.<br class=\"texte\"\/><br \/>\nL\u2019atelier sera anim\u00e9 par <strong>Nathalie Saurin Ruiz, Thierry Hannoun <\/strong> et <strong>Pierre Lavie <\/strong> du cabinet Fidal Avocats, tous trois sp\u00e9cialistes du droit immobilier et reconnus pour leur expertise.<br class=\"autobr\"\/><br \/>\nLa rencontre se tiendra dans les locaux de l\u2019UPE06 situ\u00e9s au 273 avenue Guynemer dans le quartier Cap Var b\u00e2timent C2 \u00e0 Saint Laurent du Var. Pour plus de confort, le parking de Cap 3000 situ\u00e9 \u00e0 proximit\u00e9 offre trois heures gratuites.<br class=\"autobr\"\/><br \/>\nUn <a href=\"https:\/\/www.upe06.com\/agenda\/atelier-baux-commerciaux\/\" class=\"spip_out\" rel=\"external noopener\" target=\"_blank\">rendez-vous incontournable<\/a>pour toute personne souhaitant approfondir ses connaissances sur les baux commerciaux et s\u00e9curiser la r\u00e9daction de ses contrats.<\/p>\n<p>Visuel de Une\u00a0: illustration \u00a9DR<\/p>\n","protected":false},"excerpt":{"rendered":"L\u2019UPE06 propose le 10 d\u00e9cembre de 8h30 \u00e0 10h un atelier enti\u00e8rement consacr\u00e9 \u00e0 la r\u00e9daction des baux&hellip;\n","protected":false},"author":2,"featured_media":570888,"comment_status":"","ping_status":"","sticky":false,"template":"","format":"standard","meta":{"footnotes":""},"categories":[2819],"tags":[1111,11,2408,1777,674,1011,27,12,2401,882,25],"class_list":{"0":"post-570887","1":"post","2":"type-post","3":"status-publish","4":"format-standard","5":"has-post-thumbnail","7":"category-nice","8":"tag-actu","9":"tag-actualites","10":"tag-appels-d","11":"tag-eu","12":"tag-europe","13":"tag-fr","14":"tag-france","15":"tag-news","16":"tag-nice","17":"tag-provence-alpes-cote-dazur","18":"tag-republique-francaise"},"share_on_mastodon":{"url":"https:\/\/pubeurope.com\/@fr\/115644264584246371","error":""},"_links":{"self":[{"href":"https:\/\/www.europesays.com\/fr\/wp-json\/wp\/v2\/posts\/570887","targetHints":{"allow":["GET"]}}],"collection":[{"href":"https:\/\/www.europesays.com\/fr\/wp-json\/wp\/v2\/posts"}],"about":[{"href":"https:\/\/www.europesays.com\/fr\/wp-json\/wp\/v2\/types\/post"}],"author":[{"embeddable":true,"href":"https:\/\/www.europesays.com\/fr\/wp-json\/wp\/v2\/users\/2"}],"replies":[{"embeddable":true,"href":"https:\/\/www.europesays.com\/fr\/wp-json\/wp\/v2\/comments?post=570887"}],"version-history":[{"count":0,"href":"https:\/\/www.europesays.com\/fr\/wp-json\/wp\/v2\/posts\/570887\/revisions"}],"wp:featuredmedia":[{"embeddable":true,"href":"https:\/\/www.europesays.com\/fr\/wp-json\/wp\/v2\/media\/570888"}],"wp:attachment":[{"href":"https:\/\/www.europesays.com\/fr\/wp-json\/wp\/v2\/media?parent=570887"}],"wp:term":[{"taxonomy":"category","embeddable":true,"href":"https:\/\/www.europesays.com\/fr\/wp-json\/wp\/v2\/categories?post=570887"},{"taxonomy":"post_tag","embeddable":true,"href":"https:\/\/www.europesays.com\/fr\/wp-json\/wp\/v2\/tags?post=570887"}],"curies":[{"name":"wp","href":"https:\/\/api.w.org\/{rel}","templated":true}]}}