{"id":570889,"date":"2025-12-01T12:17:16","date_gmt":"2025-12-01T12:17:16","guid":{"rendered":"https:\/\/www.europesays.com\/fr\/570889\/"},"modified":"2025-12-01T12:17:16","modified_gmt":"2025-12-01T12:17:16","slug":"nice-previsions-meteo-du-lundi-01-decembre-2025","status":"publish","type":"post","link":"https:\/\/www.europesays.com\/fr\/570889\/","title":{"rendered":"Nice : pr\u00e9visions m\u00e9t\u00e9o du lundi 01 d\u00e9cembre 2025"},"content":{"rendered":"<p>\u00c0 Nice, la journ\u00e9e du lundi 01 d\u00e9cembre 2025 sera marqu\u00e9e par un ciel variable avec des \u00e9claircies et des temp\u00e9ratures fra\u00eeches, \u00e9voluant de 9 \u00b0C le matin \u00e0 13 \u00b0C l\u2019apr\u00e8s-midi. Le vent reste mod\u00e9r\u00e9 et les pluies sont peu probables.<\/p>\n<p>    Matin : ciel changeant et fra\u00eecheur d\u2019hiver<\/p>\n<p>Le soleil se l\u00e8ve \u00e0 07 h 44 au-dessus de la Baie des Anges, mais les nuages s\u2019invitent d\u00e8s l\u2019aube, jouant \u00e0 cache-cache avec la lumi\u00e8re.<\/p>\n<p>\u00c0 09 h, le thermom\u00e8tre indique <b>9 \u00b0C<\/b>, ressenti <b>7 \u00b0C<\/b>. L\u2019humidit\u00e9 atteint 83 %, la pression s\u2019\u00e9tablit \u00e0 1 016 hPa et un vent de nord souffle \u00e0 9 km\/h.<\/p>\n<p>La probabilit\u00e9 d\u2019averse grimpe \u00e0 50 %, mais aucun millim\u00e8tre de pr\u00e9cipitation n\u2019a encore \u00e9t\u00e9 relev\u00e9. Restez vigilants lors de vos trajets en voiture : les chauss\u00e9es peuvent devenir glissantes sous les micro-gouttelettes.<\/p>\n<ul>\n<li>Tenue conseill\u00e9e : privil\u00e9giez la superposition l\u00e9g\u00e8re, imperm\u00e9able \u00e0 port\u00e9e de main.<\/li>\n<li>Qualit\u00e9 de l\u2019air : ind\u00e9finie, mieux vaut favoriser les d\u00e9placements doux.<\/li>\n<\/ul>\n<p>Apr\u00e8s-midi : douceur timide entre deux \u00e9claircies<\/p>\n<p>\u00c0 15 h, la temp\u00e9rature s\u2019\u00e9l\u00e8ve \u00e0 <b>13 \u00b0C<\/b> avec un ressenti de <b>12 \u00b0C<\/b>. Le ciel reste variable, alternant \u00e9claircies et passages nuageux.<\/p>\n<p>L\u2019humidit\u00e9 baisse \u00e0 62 %, la pression demeure stable \u00e0 1 016 hPa. Le vent, orient\u00e9 est-sud-est, faiblit autour de 7 km\/h.<\/p>\n<p>Le risque de pluie descend \u00e0 30 %. Un d\u00e9jeuner en terrasse prot\u00e9g\u00e9e devient envisageable ; la Promenade des Anglais reste accessible sans parapluie.<\/p>\n<p>Soir : ambiance calme sous les lumi\u00e8res ni\u00e7oises<\/p>\n<p>Le soleil se couche \u00e0 16 h 55. Apr\u00e8s le cr\u00e9puscule, le ciel conserve son caract\u00e8re changeant sans r\u00e9elle d\u00e9gradation.<\/p>\n<p>\u00c0 21 h, la temp\u00e9rature redescend \u00e0 <b>9 \u00b0C<\/b> (ressenti <b>7 \u00b0C<\/b>). L\u2019humidit\u00e9 atteint 73 % et la pression remonte l\u00e9g\u00e8rement \u00e0 1 018 hPa. Un vent de nord discret persiste \u00e0 8 km\/h.<\/p>\n<p>La probabilit\u00e9 d\u2019averse tombe \u00e0 3 %. Les conditions sont id\u00e9ales pour fl\u00e2ner place Mass\u00e9na ou profiter des illuminations de fin d\u2019ann\u00e9e.<\/p>\n<p>Tendance pour le mardi 2 d\u00e9cembre<\/p>\n<p>La nuit prochaine restera tr\u00e8s nuageuse, avec des temp\u00e9ratures stables autour de <b>9 \u00b0C<\/b>, ressenti <b>6 \u00b0C<\/b>, une humidit\u00e9 de 80 % et un vent de nord \u00e0 9 km\/h.<\/p>\n<p>Demain, le voile nuageux persistera. On attend <b>14 \u00b0C<\/b> au meilleur de la journ\u00e9e, <b>9 \u00b0C<\/b> au plus frais, sans pluie notable (7 % de risque).<\/p>\n<ul>\n<li>Pression pr\u00e9vue \u00e0 989 hPa : surveillez une possible \u00e9volution barom\u00e9trique rapide.<\/li>\n<li>Vent globalement faible, rafales limit\u00e9es \u00e0 19 km\/h.<\/li>\n<li>Impact local : conditions favorables aux march\u00e9s de No\u00ebl, faibles perturbations pour les transports.<\/li>\n<\/ul>\n<p>Pour un aper\u00e7u complet de la semaine, consultez <a href=\"https:\/\/www.meteocity.com\/france\/nice-v2990440\/meteo-15-jours\" target=\"_blank\" rel=\"noopener\">nos pr\u00e9visions \u00e0 15 jours<\/a>.<\/p>\n<p>Donn\u00e9es issues de mod\u00e8les num\u00e9riques, stations ni\u00e7oises et satellites, crois\u00e9es avec les bulletins officiels. Restons attentifs aux mises \u00e0 jour en cas de changement soudain.<\/p>\n","protected":false},"excerpt":{"rendered":"\u00c0 Nice, la journ\u00e9e du lundi 01 d\u00e9cembre 2025 sera marqu\u00e9e par un ciel variable avec des \u00e9claircies&hellip;\n","protected":false},"author":2,"featured_media":570890,"comment_status":"","ping_status":"","sticky":false,"template":"","format":"standard","meta":{"footnotes":""},"categories":[2819],"tags":[1111,11,1777,674,1011,27,12,2401,882,25],"class_list":{"0":"post-570889","1":"post","2":"type-post","3":"status-publish","4":"format-standard","5":"has-post-thumbnail","7":"category-nice","8":"tag-actu","9":"tag-actualites","10":"tag-eu","11":"tag-europe","12":"tag-fr","13":"tag-france","14":"tag-news","15":"tag-nice","16":"tag-provence-alpes-cote-dazur","17":"tag-republique-francaise"},"share_on_mastodon":{"url":"","error":""},"_links":{"self":[{"href":"https:\/\/www.europesays.com\/fr\/wp-json\/wp\/v2\/posts\/570889","targetHints":{"allow":["GET"]}}],"collection":[{"href":"https:\/\/www.europesays.com\/fr\/wp-json\/wp\/v2\/posts"}],"about":[{"href":"https:\/\/www.europesays.com\/fr\/wp-json\/wp\/v2\/types\/post"}],"author":[{"embeddable":true,"href":"https:\/\/www.europesays.com\/fr\/wp-json\/wp\/v2\/users\/2"}],"replies":[{"embeddable":true,"href":"https:\/\/www.europesays.com\/fr\/wp-json\/wp\/v2\/comments?post=570889"}],"version-history":[{"count":0,"href":"https:\/\/www.europesays.com\/fr\/wp-json\/wp\/v2\/posts\/570889\/revisions"}],"wp:featuredmedia":[{"embeddable":true,"href":"https:\/\/www.europesays.com\/fr\/wp-json\/wp\/v2\/media\/570890"}],"wp:attachment":[{"href":"https:\/\/www.europesays.com\/fr\/wp-json\/wp\/v2\/media?parent=570889"}],"wp:term":[{"taxonomy":"category","embeddable":true,"href":"https:\/\/www.europesays.com\/fr\/wp-json\/wp\/v2\/categories?post=570889"},{"taxonomy":"post_tag","embeddable":true,"href":"https:\/\/www.europesays.com\/fr\/wp-json\/wp\/v2\/tags?post=570889"}],"curies":[{"name":"wp","href":"https:\/\/api.w.org\/{rel}","templated":true}]}}