{"id":570893,"date":"2025-12-01T12:19:12","date_gmt":"2025-12-01T12:19:12","guid":{"rendered":"https:\/\/www.europesays.com\/fr\/570893\/"},"modified":"2025-12-01T12:19:12","modified_gmt":"2025-12-01T12:19:12","slug":"orso-et-secret-des-etoiles-a-la-cite-des-congres-de-nantes","status":"publish","type":"post","link":"https:\/\/www.europesays.com\/fr\/570893\/","title":{"rendered":"Orso et secret des etoiles \u00e0 la cit\u00e9 des congr\u00e8s de Nantes."},"content":{"rendered":"<p>Orso et le Secret des \u00c9toiles\u00a0est un spectacle musical dr\u00f4le et \u00e9mouvant pour petits et grands<\/p>\n<p>Orso et le Secret des \u00c9toiles\u00a0est un spectacle musical dr\u00f4le et \u00e9mouvant qui s\u00e9duira petits et grands r\u00eaveurs.<br \/>Avec la participation de Claudia Tagbo dans le r\u00f4le du Soleil et les chansons de Ga\u00ebtan Roussel \/ Pierre-Dominique Burgaud, Anna Chedid, Martin Luminet&#8230;\u00a0<br \/>\u00c9crit par Sylvie Gaillard et mis en sc\u00e8ne par Ludovic Marcato.<\/p>\n<p>Gagnez vos invitations pour ce spectacle merveilleux en \u00e9coutant ICI Loire Oc\u00e9an<\/p>\n<p><strong>Orso et le Secret des \u00c9toiles le 15 fevrier 2026 \u00e0 la cit\u00e9 des congr\u00e8s de Nantes.<\/strong>\u00a0<br \/><strong>Auditorium 800 &#8211; Placement num\u00e9rot\u00e9<\/strong><br \/><strong>Achetez vos billets via le site de l&rsquo;organisateur ou aupr\u00e8s des points de vente habituels.<\/strong>\u00a0<br \/><strong>Places de 39 \u00e0 49 \u20ac<\/strong><br \/><strong>Contact\u00a0:<\/strong>\u00a0K PRODUCTION<br \/><strong>Site\u00a0:<\/strong>\u00a0<a target=\"_blank\" rel=\"nofollow noopener noreferrer\" class=\"IciLink ici-link IciArticleLink g-ici-body-regular-1 underline brand svelte-1chfe2s\" href=\"https:\/\/www.kproduction.fr\/\">https:\/\/www.kproduction.fr\/<\/a><br \/><strong>R\u00e9servation\u00a0:<\/strong>\u00a0PMR 02 40 25 09 55<\/p>\n","protected":false},"excerpt":{"rendered":"Orso et le Secret des \u00c9toiles\u00a0est un spectacle musical dr\u00f4le et \u00e9mouvant pour petits et grands Orso et&hellip;\n","protected":false},"author":2,"featured_media":570894,"comment_status":"","ping_status":"","sticky":false,"template":"","format":"standard","meta":{"footnotes":""},"categories":[2818],"tags":[1111,11,1777,674,1011,27,766,12,2636,25],"class_list":{"0":"post-570893","1":"post","2":"type-post","3":"status-publish","4":"format-standard","5":"has-post-thumbnail","7":"category-nantes","8":"tag-actu","9":"tag-actualites","10":"tag-eu","11":"tag-europe","12":"tag-fr","13":"tag-france","14":"tag-nantes","15":"tag-news","16":"tag-pays-de-la-loire","17":"tag-republique-francaise"},"share_on_mastodon":{"url":"https:\/\/pubeurope.com\/@fr\/115644279306221370","error":""},"_links":{"self":[{"href":"https:\/\/www.europesays.com\/fr\/wp-json\/wp\/v2\/posts\/570893","targetHints":{"allow":["GET"]}}],"collection":[{"href":"https:\/\/www.europesays.com\/fr\/wp-json\/wp\/v2\/posts"}],"about":[{"href":"https:\/\/www.europesays.com\/fr\/wp-json\/wp\/v2\/types\/post"}],"author":[{"embeddable":true,"href":"https:\/\/www.europesays.com\/fr\/wp-json\/wp\/v2\/users\/2"}],"replies":[{"embeddable":true,"href":"https:\/\/www.europesays.com\/fr\/wp-json\/wp\/v2\/comments?post=570893"}],"version-history":[{"count":0,"href":"https:\/\/www.europesays.com\/fr\/wp-json\/wp\/v2\/posts\/570893\/revisions"}],"wp:featuredmedia":[{"embeddable":true,"href":"https:\/\/www.europesays.com\/fr\/wp-json\/wp\/v2\/media\/570894"}],"wp:attachment":[{"href":"https:\/\/www.europesays.com\/fr\/wp-json\/wp\/v2\/media?parent=570893"}],"wp:term":[{"taxonomy":"category","embeddable":true,"href":"https:\/\/www.europesays.com\/fr\/wp-json\/wp\/v2\/categories?post=570893"},{"taxonomy":"post_tag","embeddable":true,"href":"https:\/\/www.europesays.com\/fr\/wp-json\/wp\/v2\/tags?post=570893"}],"curies":[{"name":"wp","href":"https:\/\/api.w.org\/{rel}","templated":true}]}}