{"id":570895,"date":"2025-12-01T12:20:13","date_gmt":"2025-12-01T12:20:13","guid":{"rendered":"https:\/\/www.europesays.com\/fr\/570895\/"},"modified":"2025-12-01T12:20:13","modified_gmt":"2025-12-01T12:20:13","slug":"le-fablab-du-quartier-bordelais-du-grand-parc-risque-de-mettre-la-cle-sous-la-porte","status":"publish","type":"post","link":"https:\/\/www.europesays.com\/fr\/570895\/","title":{"rendered":"le fablab du quartier bordelais du Grand-Parc risque de mettre la cl\u00e9 sous la porte"},"content":{"rendered":"<p>En d\u00e9cembre 2024, l\u2019\u00c9tat n\u2019a pas renouvel\u00e9 les aides qu\u2019il lui versait dans le cadre de \u00ab\u00a0Fabriques de territoire\u00a0\u00bb, un programme visant \u00e0 d\u00e9velopper des services de proximit\u00e9 dans les quartiers prioritaires de la politique de la ville, comme l\u2019est \u00e0 Bordeaux le Grand-Parc, o\u00f9 se trouvent ses installations. Les subventions octroy\u00e9es par Bordeaux M\u00e9tropole se sont arr\u00eat\u00e9es la m\u00eame ann\u00e9e. Ben b\u00e9n\u00e9ficiait \u00e9galement jusqu\u2019en juin 2025 d\u2019un autre dispositif national, baptis\u00e9 \u00ab\u00a0Conseiller num\u00e9rique\u00a0\u00bb, dont la vocation est de mettre internet \u00e0 la port\u00e9e de tous, \u00e0 l\u2019heure o\u00f9 la moindre d\u00e9marche administrative se fait en ligne. Parall\u00e8lement, les dotations d\u00e9livr\u00e9es par France Tiers-Lieux sont \u00ab\u00a0en forte diminution\u00a0\u00bb.<\/p>\n<p>Contexte budg\u00e9taire<\/p>\n<p>Mais ce qui risque de porter le coup de gr\u00e2ce, c\u2019est <a href=\"https:\/\/www.sudouest.fr\/politique\/budget-2026-le-senat-reprend-l-examen-en-commission-apres-le-rejet-a-l-assemblee-26835498.php\" target=\"_blank\" rel=\"follow noopener\">le projet de loi de finances 2026, examin\u00e9 en ce moment au S\u00e9nat<\/a> apr\u00e8s son rejet par l\u2019Assembl\u00e9e nationale. Les cr\u00e9dits allou\u00e9s \u00e0 \u00ab\u00a0Territoires z\u00e9ro ch\u00f4meur de longue dur\u00e9e\u00a0\u00bb \u00e9taient jug\u00e9s \u00ab\u00a0insuffisants\u00a0\u00bb par les structures portant cette exp\u00e9rimentation. \u00c0 l\u2019instar d\u2019autres Entreprises \u00e0 but d\u2019emploi (EBE), l\u2019association bordelaise La Fourmili\u00e8re, qui a d\u00e9j\u00e0 sign\u00e9 30 CDI depuis 2024 avec des personnes au ch\u00f4mage depuis au moins un an, est contrainte de proc\u00e9der \u00e0 un \u00ab\u00a0gel des embauches\u00a0\u00bb, ne pouvant compter l\u2019an prochain sur les \u00ab\u00a0dotations d\u2019amor\u00e7age\u00a0\u00bb accord\u00e9es par les pouvoirs publics pour chaque \u00ab\u00a0\u00e9quivalent temps plein\u00a0\u00bb cr\u00e9\u00e9. Or, cet organisme bas\u00e9 au Grand-Parc avait pr\u00e9vu d\u2019avoir recours au savoir-faire de Ben, qu\u2019il h\u00e9berge gratuitement dans l\u2019ancien centre commercial Europe, pour des actions de formation aupr\u00e8s de ses salari\u00e9s et des projets en commun, tels que la construction de bacs agricoles pour sa future ferme urbaine.<\/p>\n<blockquote><p>\u00ab\u00a0Au-del\u00e0 du 20\u00a0d\u00e9cembre, je n\u2019ai plus de visibilit\u00e9\u00a0\u00bb<\/p><\/blockquote>\n<p>Priv\u00e9 de ce d\u00e9bouch\u00e9, le fablab se retrouve par ricochet dans une impasse. \u00ab\u00a0Ma r\u00e9mun\u00e9ration d\u2019encadrant devait provenir pour un tiers de cette collaboration, explique Marc Fontaine. En attendant, mon poste \u00e9tait financ\u00e9 sur les fonds propres de l\u2019association. Mais l\u00e0, l\u2019\u00e9quation \u00e9conomique n\u2019est plus tenable.\u00a0\u00bb Sauf miracle, il va \u00eatre oblig\u00e9 de mettre la cl\u00e9 sous la porte. Son calendrier comprend encore quelques activit\u00e9s jusqu\u2019au 20\u00a0d\u00e9cembre. \u00ab\u00a0Au-del\u00e0, je n\u2019ai plus de visibilit\u00e9.\u00a0\u00bb<\/p>\n<p>Pour le Grand-Parc, ce sera une perte. Gr\u00e2ce \u00e0 ses imprimantes 3D, cet ing\u00e9nieur en g\u00e9nie informatique apprenait aux enfants \u00e0 fabriquer des petits objets, des porte-cl\u00e9s \u00e0 l\u2019effigie des personnages de Star Wars ou de Marvel par exemple. Ils \u00e9taient tout heureux de repartir avec. Des architectes, artistes et designers utilisaient \u00e9galement ses machines. \u00c9quip\u00e9 pour la gravure et la d\u00e9coupe au laser, sa grande ambition \u00e9tait de former les jeunes du quartier \u00e0 ces m\u00e9tiers de demain. \u00ab\u00a0Tout \u00e7a va dispara\u00eetre, regrette-t-il. On \u00e9tait sur une dynamique de territoire rarement vue, une coop\u00e9ration entre les \u00e9lus locaux, le comit\u00e9 local pour l\u2019emploi, La Fourmili\u00e8re et le groupement d\u2019employeurs Grand-Parc Solidaire. C\u2019est \u00e0 pleurer, c\u2019\u00e9tait un projet magique.\u00a0\u00bb<\/p>\n<p>\u00ab\u00a0Fondamental socialement\u00a0\u00bb<\/p>\n","protected":false},"excerpt":{"rendered":"En d\u00e9cembre 2024, l\u2019\u00c9tat n\u2019a pas renouvel\u00e9 les aides qu\u2019il lui versait dans le cadre de \u00ab\u00a0Fabriques de&hellip;\n","protected":false},"author":2,"featured_media":570896,"comment_status":"","ping_status":"","sticky":false,"template":"","format":"standard","meta":{"footnotes":""},"categories":[2817],"tags":[1111,11,1997,1777,674,1011,27,12,2219,25],"class_list":{"0":"post-570895","1":"post","2":"type-post","3":"status-publish","4":"format-standard","5":"has-post-thumbnail","7":"category-bordeaux","8":"tag-actu","9":"tag-actualites","10":"tag-bordeaux","11":"tag-eu","12":"tag-europe","13":"tag-fr","14":"tag-france","15":"tag-news","16":"tag-nouvelle-aquitaine","17":"tag-republique-francaise"},"share_on_mastodon":{"url":"https:\/\/pubeurope.com\/@fr\/115644283280912078","error":""},"_links":{"self":[{"href":"https:\/\/www.europesays.com\/fr\/wp-json\/wp\/v2\/posts\/570895","targetHints":{"allow":["GET"]}}],"collection":[{"href":"https:\/\/www.europesays.com\/fr\/wp-json\/wp\/v2\/posts"}],"about":[{"href":"https:\/\/www.europesays.com\/fr\/wp-json\/wp\/v2\/types\/post"}],"author":[{"embeddable":true,"href":"https:\/\/www.europesays.com\/fr\/wp-json\/wp\/v2\/users\/2"}],"replies":[{"embeddable":true,"href":"https:\/\/www.europesays.com\/fr\/wp-json\/wp\/v2\/comments?post=570895"}],"version-history":[{"count":0,"href":"https:\/\/www.europesays.com\/fr\/wp-json\/wp\/v2\/posts\/570895\/revisions"}],"wp:featuredmedia":[{"embeddable":true,"href":"https:\/\/www.europesays.com\/fr\/wp-json\/wp\/v2\/media\/570896"}],"wp:attachment":[{"href":"https:\/\/www.europesays.com\/fr\/wp-json\/wp\/v2\/media?parent=570895"}],"wp:term":[{"taxonomy":"category","embeddable":true,"href":"https:\/\/www.europesays.com\/fr\/wp-json\/wp\/v2\/categories?post=570895"},{"taxonomy":"post_tag","embeddable":true,"href":"https:\/\/www.europesays.com\/fr\/wp-json\/wp\/v2\/tags?post=570895"}],"curies":[{"name":"wp","href":"https:\/\/api.w.org\/{rel}","templated":true}]}}