{"id":570897,"date":"2025-12-01T12:21:11","date_gmt":"2025-12-01T12:21:11","guid":{"rendered":"https:\/\/www.europesays.com\/fr\/570897\/"},"modified":"2025-12-01T12:21:11","modified_gmt":"2025-12-01T12:21:11","slug":"la-tenue-de-cette-soiree-est-une-honte-pour-notre-ville-lfi-et-le-pcf-sopposent-a-lorganisation-de-la-nuit-du-bien-commun","status":"publish","type":"post","link":"https:\/\/www.europesays.com\/fr\/570897\/","title":{"rendered":"\u00ab\u00a0La tenue de cette soir\u00e9e est une honte pour notre ville\u00a0\u00bb, LFI et le PCF s\u2019opposent \u00e0 l\u2019organisation de la Nuit du bien commun"},"content":{"rendered":"<p>Lundi 1er\u00a0d\u00e9cembre, les \u00e9lus communistes de la Ville de Bordeaux et de la section de Bordeaux du PCF ont d\u00e9nonc\u00e9 la tenue de cet \u00e9v\u00e9nement qui \u00ab\u00a0s\u2019inscrit dans le projet politique de son cr\u00e9ateur et financeur, le milliardaire d\u2019extr\u00eame droite et exil\u00e9 fiscal, Pierre-\u00c9douard St\u00e9rin\u00a0\u00bb et qui vise \u00e0 \u00ab\u00a0\u00e9tendre l\u2019influence de l\u2019extr\u00eame droite et ses conceptions les plus r\u00e9trogrades, sous couvert d\u2019\u00e9v\u00e9nements caritatifs ou de promotion des traditions\u00a0\u00bb. Dans son communiqu\u00e9, le Parti communiste alerte \u00ab\u00a0les participants ou associations b\u00e9n\u00e9ficiaires sur le v\u00e9ritable objectif de cet \u00e9v\u00e9nement\u00a0\u00bb et les appelle \u00e0 \u00ab\u00a0ne pas y participer pour ne pas \u00eatre instrumentalis\u00e9\u00a0\u00bb. \u00ab\u00a0Si Monsieur St\u00e9rin veut contribuer \u00e0 financer le bien commun, qu\u2019il commence par payer ses imp\u00f4ts en France\u00a0\u00bb, conclut le mouvement.<\/p>\n<p>Demande d\u2019annulation<\/p>\n<p>De son c\u00f4t\u00e9, Nordine Raymond, candidat pour les prochaines \u00e9lections municipales \u00e0 Bordeaux pour La France insoumise, d\u00e9nonce \u00ab\u00a0une tentative d\u2019implantation de l\u2019id\u00e9ologie r\u00e9actionnaire de ce milliardaire sur nos terres bordelaises\u00a0\u00bb pour lui permettre de \u00ab\u00a0renforcer son r\u00e9seau local\u00a0\u00bb. Par le biais d\u2019un communiqu\u00e9, LFI appelle le maire de Bordeaux Pierre Hurmic \u00e0 \u00ab\u00a0prendre ses responsabilit\u00e9s en exigeant l\u2019annulation de la location du Grand Palais par la Chambre du commerce et d\u2019industrie pour cet \u00e9v\u00e9nement\u00a0\u00bb. \u00ab\u00a0La tenue de cette soir\u00e9e est une honte pour notre ville et un danger pour notre pays, notre d\u00e9mocratie, notre R\u00e9publique\u00a0\u00bb, conclut le mouvement.<\/p>\n<p>Dans un <a href=\"https:\/\/www.sudouest.fr\/gironde\/bordeaux\/bordeaux-le-ps-girondin-denonce-la-tenue-d-une-nuit-du-bien-commun-offensive-de-l-extreme-droite-financee-par-l-exile-fiscal-pierre-edouard-sterin-26818121.php\" target=\"_blank\" rel=\"follow noopener\">communiqu\u00e9 publi\u00e9 le vendredi 21\u00a0novembre<\/a>, le PS de Gironde avait d\u00e9j\u00e0 appel\u00e9 \u00ab\u00a0les associations, entreprises et institutions invit\u00e9es \u00e0 ne pas se laisser instrumentaliser\u00a0\u00bb\u00a0: \u00ab\u00a0Prendre part \u00e0 la Nuit du bien commun, c\u2019est offrir une caution \u00e0 une entreprise id\u00e9ologique qui cherche \u00e0 banaliser l\u2019extr\u00eame droite et \u00e0 fracturer notre soci\u00e9t\u00e9.\u00a0\u00bb \u00ab\u00a0C\u2019est ce r\u00e9seau id\u00e9ologique, et non une pr\u00e9tendue soir\u00e9e philanthropique, que la Nuit du bien commun contribue \u00e0 l\u00e9gitimer\u00a0\u00bb, avait expliqu\u00e9 le PS de Gironde.<\/p>\n","protected":false},"excerpt":{"rendered":"Lundi 1er\u00a0d\u00e9cembre, les \u00e9lus communistes de la Ville de Bordeaux et de la section de Bordeaux du PCF&hellip;\n","protected":false},"author":2,"featured_media":570898,"comment_status":"","ping_status":"","sticky":false,"template":"","format":"standard","meta":{"footnotes":""},"categories":[2817],"tags":[1111,11,1997,1777,674,1011,27,12,2219,25],"class_list":{"0":"post-570897","1":"post","2":"type-post","3":"status-publish","4":"format-standard","5":"has-post-thumbnail","7":"category-bordeaux","8":"tag-actu","9":"tag-actualites","10":"tag-bordeaux","11":"tag-eu","12":"tag-europe","13":"tag-fr","14":"tag-france","15":"tag-news","16":"tag-nouvelle-aquitaine","17":"tag-republique-francaise"},"share_on_mastodon":{"url":"https:\/\/pubeurope.com\/@fr\/115644287291390772","error":""},"_links":{"self":[{"href":"https:\/\/www.europesays.com\/fr\/wp-json\/wp\/v2\/posts\/570897","targetHints":{"allow":["GET"]}}],"collection":[{"href":"https:\/\/www.europesays.com\/fr\/wp-json\/wp\/v2\/posts"}],"about":[{"href":"https:\/\/www.europesays.com\/fr\/wp-json\/wp\/v2\/types\/post"}],"author":[{"embeddable":true,"href":"https:\/\/www.europesays.com\/fr\/wp-json\/wp\/v2\/users\/2"}],"replies":[{"embeddable":true,"href":"https:\/\/www.europesays.com\/fr\/wp-json\/wp\/v2\/comments?post=570897"}],"version-history":[{"count":0,"href":"https:\/\/www.europesays.com\/fr\/wp-json\/wp\/v2\/posts\/570897\/revisions"}],"wp:featuredmedia":[{"embeddable":true,"href":"https:\/\/www.europesays.com\/fr\/wp-json\/wp\/v2\/media\/570898"}],"wp:attachment":[{"href":"https:\/\/www.europesays.com\/fr\/wp-json\/wp\/v2\/media?parent=570897"}],"wp:term":[{"taxonomy":"category","embeddable":true,"href":"https:\/\/www.europesays.com\/fr\/wp-json\/wp\/v2\/categories?post=570897"},{"taxonomy":"post_tag","embeddable":true,"href":"https:\/\/www.europesays.com\/fr\/wp-json\/wp\/v2\/tags?post=570897"}],"curies":[{"name":"wp","href":"https:\/\/api.w.org\/{rel}","templated":true}]}}