{"id":570903,"date":"2025-12-01T12:24:11","date_gmt":"2025-12-01T12:24:11","guid":{"rendered":"https:\/\/www.europesays.com\/fr\/570903\/"},"modified":"2025-12-01T12:24:11","modified_gmt":"2025-12-01T12:24:11","slug":"lille-ils-penetrent-dans-un-resto-rue-nationale-et-volent-le-coffre-fort-mais-la-bac-est-a-leurs-trousses","status":"publish","type":"post","link":"https:\/\/www.europesays.com\/fr\/570903\/","title":{"rendered":"Lille. Ils p\u00e9n\u00e8trent dans un resto rue Nationale et volent le coffre fort mais la BAC est \u00e0 leurs trousses"},"content":{"rendered":"<p>                    Par<br \/>\n        <strong><br \/>\n            <a href=\"https:\/\/actu.fr\/auteur\/margot-nicodeme\" title=\"Consulter tous les articles de Margot Nicod\u00e8me\" target=\"_blank\" rel=\"noopener\">Margot Nicod\u00e8me<\/a><br \/>\n                    <\/strong><\/p>\n<p>        Publi\u00e9 le<\/p>\n<p>            1 d\u00e9c. 2025 \u00e0 12h42        <\/p>\n<p>Samedi 29 novembre 2025 au petit matin, <a href=\"https:\/\/actu.fr\/hauts-de-france\/lille_59350\/lille-le-sauvetage-heroique-dun-etudiant-rue-du-gand-par-trois-policiers-de-la-bac_63463356.html\" target=\"_blank\" rel=\"noopener\">la BAC<\/a> intercepte un appel faisant \u00e9tat <b>d\u2019un vol en cours<\/b> dans<b> un restaurant de la rue Nationale<\/b> \u00e0 <a href=\"https:\/\/actu.fr\/hauts-de-france\/lille_59350\/\" target=\"_blank\" rel=\"noopener\">Lille<\/a> (Nord). Il est environ 6h, et trois individus viennent d\u2019\u00eatre vus sur les cam\u00e9ras de l\u2019\u00e9tablissement \u00e0 l\u2019int\u00e9rieur des lieux, <b>concentrant leur attention autour du coffre fort<\/b>. Ils ont recouvert leurs t\u00eates de <b>capuches <\/b>et leurs visages de <b>masques chirurgicaux<\/b>.\u00a0<\/p>\n<p>Trois hommes masqu\u00e9s volent le coffre fort d\u2019un restaurant de la rue Nationale \u00e0 Lille \u00e0 l\u2019aube<\/p>\n<p class=\" wall-content\">Les policiers se rendent imm\u00e9diatement dans le secteur. Les trois intrus sont parvenus \u00e0 quitter le restaurant en possession du coffre. <b>L\u2019un d\u2019eux ne tarde pas \u00e0 \u00eatre retrouv\u00e9<\/b> : \u00e0 l\u2019angle de la rue des Stations, parall\u00e8le \u00e0 la rue Nationale, et de la rue Meurein, il est aper\u00e7u se \u00ab\u00a0baladant\u00a0\u00bb avec un seul gant. Il est interpell\u00e9 sans incident.<\/p>\n<p class=\" wall-content\">La BAC poursuit ses recherches. Rue des Stations, elle r\u00e9cup\u00e8re un sac noir au sol. \u00c0 l\u2019int\u00e9rieur, un burin, un marteau, un tournevis\u2026 autant d\u2019outils qui ont servi \u00e0 l\u2019effraction. Un deuxi\u00e8me complice est aper\u00e7u \u00e0 proximit\u00e9, il porte lui aussi un gant, l\u2019autre qui compose la paire. Il tente de fuir par les jardins d\u2019une r\u00e9sidence, mais un policier le rattrape et l\u2019interpelle.<\/p>\n<p class=\" wall-content\">Le <a href=\"https:\/\/actu.fr\/hauts-de-france\/lille_59350\/un-policier-de-lille-a-la-retraite-juge-pour-avoir-vole-plus-de-28-000-e-de-scelles_63460411.html\" target=\"_blank\" rel=\"noopener\">coffre fort<\/a> subtilis\u00e9 est enfin localis\u00e9 dans une poubelle rue Meurein.<b> Ils n\u2019ont pas eu le temps de l\u2019ouvrir<\/b>. Les mis en cause arr\u00eat\u00e9s sont \u00e2g\u00e9s de 42 et 44 ans. Le troisi\u00e8me voleur s\u2019est volatilis\u00e9, il est recherch\u00e9.<\/p>\n<p class=\" wall-content\">Personnalisez votre actualit\u00e9 en ajoutant vos villes et m\u00e9dias en favori avec <a href=\"https:\/\/moncompte.actu.fr\" title=\"D\u00e9couvez Mon Actu\" rel=\"nofollow noopener\" data-trk=\"{&quot;cta&quot;:{&quot;action&quot;:&quot;https:\\\/\\\/moncompte.actu.fr&quot;,&quot;category&quot;:&quot;mon compte&quot;,&quot;from&quot;:&quot;article footer&quot;,&quot;name&quot;:&quot;Mon actu&quot;,&quot;type&quot;:&quot;cta&quot;}}\" target=\"_blank\">Mon Actu<\/a>.<\/p>\n","protected":false},"excerpt":{"rendered":"Par Margot Nicod\u00e8me Publi\u00e9 le 1 d\u00e9c. 2025 \u00e0 12h42 Samedi 29 novembre 2025 au petit matin, la&hellip;\n","protected":false},"author":2,"featured_media":570904,"comment_status":"","ping_status":"","sticky":false,"template":"","format":"standard","meta":{"footnotes":""},"categories":[2815],"tags":[1111,11,1777,674,118,1011,27,811,1307,12,1072,25],"class_list":{"0":"post-570903","1":"post","2":"type-post","3":"status-publish","4":"format-standard","5":"has-post-thumbnail","7":"category-lille","8":"tag-actu","9":"tag-actualites","10":"tag-eu","11":"tag-europe","12":"tag-faits-divers","13":"tag-fr","14":"tag-france","15":"tag-hauts-de-france","16":"tag-lille","17":"tag-news","18":"tag-police","19":"tag-republique-francaise"},"share_on_mastodon":{"url":"https:\/\/pubeurope.com\/@fr\/115644299075374416","error":""},"_links":{"self":[{"href":"https:\/\/www.europesays.com\/fr\/wp-json\/wp\/v2\/posts\/570903","targetHints":{"allow":["GET"]}}],"collection":[{"href":"https:\/\/www.europesays.com\/fr\/wp-json\/wp\/v2\/posts"}],"about":[{"href":"https:\/\/www.europesays.com\/fr\/wp-json\/wp\/v2\/types\/post"}],"author":[{"embeddable":true,"href":"https:\/\/www.europesays.com\/fr\/wp-json\/wp\/v2\/users\/2"}],"replies":[{"embeddable":true,"href":"https:\/\/www.europesays.com\/fr\/wp-json\/wp\/v2\/comments?post=570903"}],"version-history":[{"count":0,"href":"https:\/\/www.europesays.com\/fr\/wp-json\/wp\/v2\/posts\/570903\/revisions"}],"wp:featuredmedia":[{"embeddable":true,"href":"https:\/\/www.europesays.com\/fr\/wp-json\/wp\/v2\/media\/570904"}],"wp:attachment":[{"href":"https:\/\/www.europesays.com\/fr\/wp-json\/wp\/v2\/media?parent=570903"}],"wp:term":[{"taxonomy":"category","embeddable":true,"href":"https:\/\/www.europesays.com\/fr\/wp-json\/wp\/v2\/categories?post=570903"},{"taxonomy":"post_tag","embeddable":true,"href":"https:\/\/www.europesays.com\/fr\/wp-json\/wp\/v2\/tags?post=570903"}],"curies":[{"name":"wp","href":"https:\/\/api.w.org\/{rel}","templated":true}]}}