{"id":570913,"date":"2025-12-01T12:29:12","date_gmt":"2025-12-01T12:29:12","guid":{"rendered":"https:\/\/www.europesays.com\/fr\/570913\/"},"modified":"2025-12-01T12:29:12","modified_gmt":"2025-12-01T12:29:12","slug":"le-programme-du-fc-lorient-avant-de-recevoir-lyon-dimanche","status":"publish","type":"post","link":"https:\/\/www.europesays.com\/fr\/570913\/","title":{"rendered":"Le programme du FC Lorient avant de recevoir Lyon, dimanche"},"content":{"rendered":"<p>Ligue 1 (15e journ\u00e9e). FC Lorient &#8211; Lyon, dimanche (20\u00a0h\u00a045)<\/p>\n<p>Apr\u00e8s avoir enregistr\u00e9 <a href=\"https:\/\/www.letelegramme.fr\/sports\/football\/fc-lorient\/jai-grandement-apprecie-la-seconde-mi-temps-le-fc-lorient-rassure-avec-un-match-reference-en-renversant-un-nice-toujours-malade-6938425.php\" target=\"_blank\" rel=\"noopener\">sa troisi\u00e8me victoire de la saison face \u00e0 Nice (3-1<\/a>), le <a href=\"https:\/\/www.letelegramme.fr\/sports\/football\/fc-lorient\/\" target=\"_blank\" rel=\"noopener\">FC Lorient<\/a> encha\u00eene par une deuxi\u00e8me r\u00e9ception au Moustoir. Cette fois, c\u2019est l\u2019Olympique Lyonnais qui attend des Lorientais qui se sont donn\u00e9 de l\u2019air au classement en ayant renvers\u00e9 de fragiles Ni\u00e7ois.<\/p>\n<p>Le programme de la semaine du FCL<\/p>\n<p>Mardi 2 d\u00e9cembre\u00a0: repos<\/p>\n<p>Mercredi 3 d\u00e9cembre\u00a0: entra\u00eenement \u00e0 10\u00a0h\u00a030<\/p>\n<p>Jeudi 4 d\u00e9cembre\u00a0: entra\u00eenement \u00e0 10\u00a0h\u00a030<\/p>\n<p>Vendredi 5 d\u00e9cembre\u00a0: entra\u00eenement \u00e0 10\u00a0h\u00a030<\/p>\n<p>Samedi 6 d\u00e9cembre\u00a0: entra\u00eenement \u00e0 15\u00a0h (huis clos)<\/p>\n<p>Dimanche 7 d\u00e9cembre (20\u00a0h\u00a045)\u00a0: FC Lorient &#8211; Lyon<\/p>\n","protected":false},"excerpt":{"rendered":"Ligue 1 (15e journ\u00e9e). FC Lorient &#8211; Lyon, dimanche (20\u00a0h\u00a045) Apr\u00e8s avoir enregistr\u00e9 sa troisi\u00e8me victoire de la&hellip;\n","protected":false},"author":2,"featured_media":570914,"comment_status":"","ping_status":"","sticky":false,"template":"","format":"standard","meta":{"footnotes":""},"categories":[1889],"tags":[1111,11,2430,3166,1777,674,3317,63,1011,27,66,1781,2428,12,25,60],"class_list":{"0":"post-570913","1":"post","2":"type-post","3":"status-publish","4":"format-standard","5":"has-post-thumbnail","7":"category-lyon","8":"tag-actu","9":"tag-actualites","10":"tag-auvergne-rhone-alpes","11":"tag-en-continu-sports","12":"tag-eu","13":"tag-europe","14":"tag-fc-lorient","15":"tag-football","16":"tag-fr","17":"tag-france","18":"tag-ligue-1","19":"tag-lorient","20":"tag-lyon","21":"tag-news","22":"tag-republique-francaise","23":"tag-sports"},"share_on_mastodon":{"url":"https:\/\/pubeurope.com\/@fr\/115644318525535605","error":""},"_links":{"self":[{"href":"https:\/\/www.europesays.com\/fr\/wp-json\/wp\/v2\/posts\/570913","targetHints":{"allow":["GET"]}}],"collection":[{"href":"https:\/\/www.europesays.com\/fr\/wp-json\/wp\/v2\/posts"}],"about":[{"href":"https:\/\/www.europesays.com\/fr\/wp-json\/wp\/v2\/types\/post"}],"author":[{"embeddable":true,"href":"https:\/\/www.europesays.com\/fr\/wp-json\/wp\/v2\/users\/2"}],"replies":[{"embeddable":true,"href":"https:\/\/www.europesays.com\/fr\/wp-json\/wp\/v2\/comments?post=570913"}],"version-history":[{"count":0,"href":"https:\/\/www.europesays.com\/fr\/wp-json\/wp\/v2\/posts\/570913\/revisions"}],"wp:featuredmedia":[{"embeddable":true,"href":"https:\/\/www.europesays.com\/fr\/wp-json\/wp\/v2\/media\/570914"}],"wp:attachment":[{"href":"https:\/\/www.europesays.com\/fr\/wp-json\/wp\/v2\/media?parent=570913"}],"wp:term":[{"taxonomy":"category","embeddable":true,"href":"https:\/\/www.europesays.com\/fr\/wp-json\/wp\/v2\/categories?post=570913"},{"taxonomy":"post_tag","embeddable":true,"href":"https:\/\/www.europesays.com\/fr\/wp-json\/wp\/v2\/tags?post=570913"}],"curies":[{"name":"wp","href":"https:\/\/api.w.org\/{rel}","templated":true}]}}