{"id":570915,"date":"2025-12-01T12:31:13","date_gmt":"2025-12-01T12:31:13","guid":{"rendered":"https:\/\/www.europesays.com\/fr\/570915\/"},"modified":"2025-12-01T12:31:13","modified_gmt":"2025-12-01T12:31:13","slug":"concentrant-40-des-cas-de-vih-lile-de-france-veut-massifier-la-prevention-et-le-depistage","status":"publish","type":"post","link":"https:\/\/www.europesays.com\/fr\/570915\/","title":{"rendered":"Concentrant 40% des cas de VIH, l&rsquo;Ile-de-France veut massifier la pr\u00e9vention et le d\u00e9pistage"},"content":{"rendered":"<p>Le ratio de cas de VIH par rapport \u00e0 la population est le double en Ile-de-France,  par rapport \u00e0 la moyenne nationale, alertent les autorit\u00e9s sanitaires qui insistent sur la n\u00e9cessit\u00e9 de multiplier et diversifier les op\u00e9rations de d\u00e9pistage, et de d\u00e9ployer massivement la prophylaxie pr\u00e9-exposition (PreP) aupr\u00e8s es personnes \u00e0 risque.<\/p>\n<p>L\u2019\u00cele-de-France rassemble environ 40 % des cas de VIH en France alors qu\u2019elle ne compte que moins de 20% de la population du pays, chiffre Sant\u00e9 Publique France, en ce 1er d\u00e9cembre, Journ\u00e9e internationale de lutte contre le Sida. Pr\u00e9cis\u00e9ment, l\u2019agence estime \u00e0 2 010 les nouvelles d\u00e9couvertes de s\u00e9ropositivit\u00e9 en 2024, auxquelles s\u2019ajoutent 1 418 nouvelles infections. Par ailleurs, pr\u00e8s de 4 000 personnes ignorent leur s\u00e9ropositivit\u00e9, ce qui retarde l\u2019acc\u00e8s au traitement et maintient le risque de transmission. C\u2019est dans ce contexte que se poursuit le d\u00e9ploiement du programme \u201cVIH Z\u00e9ro en \u00cele-de-France en 2030\u201d, port\u00e9 par l\u2019ARS \u00cele-de-France et l\u2019ANRS Maladies infectieuses \u00e9mergentes, avec 25 nouvelles propositions cette ann\u00e9e.<\/p>\n<p>Diversifier les lieux de d\u00e9pistage pour aller vers les personnes \u00e0 risque<\/p>\n<p>Parmi les priorit\u00e9s : un d\u00e9pistage plus t\u00f4t pour pouvoir se soigner et pr\u00e9venir les risques de transmission au plus vite. Un objectif qui passe par une meilleure diffusion de l\u2019information des d\u00e9pistages et surtout une diversification des lieux et contextes de d\u00e9pistage pour se rapprocher de tous les types de publics les plus \u00e0 risque.<\/p>\n<p>Sensibiliser communaut\u00e9s de soignants et villes en g\u00e9olocalisant la progression de l\u2019\u00e9pid\u00e9mie<\/p>\n<p>Les nouvelles propositions visent aussi \u00e0 d\u00e9tailler la progression de l\u2019\u00e9pid\u00e9mie de mani\u00e8re fine et localis\u00e9e pour faire prendre conscience des enjeux aux collectivit\u00e9s locales, communaut\u00e9s de professionnels de sant\u00e9 et institutions locales, et ainsi susciter des actions de pr\u00e9vention et de d\u00e9pistage.<\/p>\n<p>Acc\u00e9l\u00e9rer le d\u00e9ploiement des traitements pr\u00e9ventifs (prophylaxie pr\u00e9-exposition)<\/p>\n<p>Au-del\u00e0 du d\u00e9pistage, l\u2019autre grand enjeu est celui de la prophylaxie pr\u00e9-exposition (PreP), qui consiste \u00e0 prendre un m\u00e9dicament antir\u00e9troviral de mani\u00e8re pr\u00e9ventive, pour \u00e9viter d\u2019\u00eatre contamin\u00e9 par le VIH. Au premier semestre 2024, 59 326 personnes ont recouru \u00e0 la PrEP en Ile-de-France, soit 6 580 de plus qu\u2019en 2023. L\u2019usage reste n\u00e9anmoins concentr\u00e9 chez les HSH (hommes ayant des rapports sexuels avec des hommes) \u00e0 Paris. Les donn\u00e9es montrent une utilisation faible chez les femmes et les jeunes, alors que ces groupes repr\u00e9sentent une part croissante des nouvelles infections. Les propositions visent donc \u00e0 faire entrer ces traitements dans des associations communautaires, via les t\u00e9l\u00e9consultations, dans les protocoles entre m\u00e9decins, sages-femmes et infirmiers, ainsi que dans les PMI et centres de sant\u00e9 g\u00e9n\u00e9ralistes.<\/p>\n<p>A l\u2019occasion du 1er d\u00e9cembre, de nombreuses initiatives de d\u00e9pistage sont organis\u00e9es dans la r\u00e9gion. <a href=\"https:\/\/santegraphie.fr\/mviewer\/?config=apps\/journee_vih.xml\" target=\"_blank\" rel=\"noopener\">Voir la carte des initiatives recens\u00e9es par l\u2019Agence r\u00e9gionale de sant\u00e9.<\/a><\/p>\n","protected":false},"excerpt":{"rendered":"Le ratio de cas de VIH par rapport \u00e0 la population est le double en Ile-de-France, par rapport&hellip;\n","protected":false},"author":2,"featured_media":570916,"comment_status":"","ping_status":"","sticky":false,"template":"","format":"standard","meta":{"footnotes":""},"categories":[1592],"tags":[1111,11,13240,35712,14754,1777,674,1011,27,662,48601,12,626,68611,25,71,5699,10705],"class_list":{"0":"post-570915","1":"post","2":"type-post","3":"status-publish","4":"format-standard","5":"has-post-thumbnail","7":"category-ile-de-france","8":"tag-actu","9":"tag-actualites","10":"tag-agence-regionale-de-sante","11":"tag-ars","12":"tag-depistage","13":"tag-eu","14":"tag-europe","15":"tag-fr","16":"tag-france","17":"tag-ile-de-france","18":"tag-lutte-contre-le-sida","19":"tag-news","20":"tag-paris","21":"tag-prep","22":"tag-republique-francaise","23":"tag-sante","24":"tag-sante-publique","25":"tag-vih"},"share_on_mastodon":{"url":"https:\/\/pubeurope.com\/@fr\/115644326479541124","error":""},"_links":{"self":[{"href":"https:\/\/www.europesays.com\/fr\/wp-json\/wp\/v2\/posts\/570915","targetHints":{"allow":["GET"]}}],"collection":[{"href":"https:\/\/www.europesays.com\/fr\/wp-json\/wp\/v2\/posts"}],"about":[{"href":"https:\/\/www.europesays.com\/fr\/wp-json\/wp\/v2\/types\/post"}],"author":[{"embeddable":true,"href":"https:\/\/www.europesays.com\/fr\/wp-json\/wp\/v2\/users\/2"}],"replies":[{"embeddable":true,"href":"https:\/\/www.europesays.com\/fr\/wp-json\/wp\/v2\/comments?post=570915"}],"version-history":[{"count":0,"href":"https:\/\/www.europesays.com\/fr\/wp-json\/wp\/v2\/posts\/570915\/revisions"}],"wp:featuredmedia":[{"embeddable":true,"href":"https:\/\/www.europesays.com\/fr\/wp-json\/wp\/v2\/media\/570916"}],"wp:attachment":[{"href":"https:\/\/www.europesays.com\/fr\/wp-json\/wp\/v2\/media?parent=570915"}],"wp:term":[{"taxonomy":"category","embeddable":true,"href":"https:\/\/www.europesays.com\/fr\/wp-json\/wp\/v2\/categories?post=570915"},{"taxonomy":"post_tag","embeddable":true,"href":"https:\/\/www.europesays.com\/fr\/wp-json\/wp\/v2\/tags?post=570915"}],"curies":[{"name":"wp","href":"https:\/\/api.w.org\/{rel}","templated":true}]}}