{"id":570927,"date":"2025-12-01T12:38:12","date_gmt":"2025-12-01T12:38:12","guid":{"rendered":"https:\/\/www.europesays.com\/fr\/570927\/"},"modified":"2025-12-01T12:38:12","modified_gmt":"2025-12-01T12:38:12","slug":"guerre-en-ukraine-au-moins-quatre-morts-a-ce-stade-apres-une-frappe-russe-sur-dnipro-cette-nuit","status":"publish","type":"post","link":"https:\/\/www.europesays.com\/fr\/570927\/","title":{"rendered":"Guerre en Ukraine\u00a0: au moins quatre morts \u00ab\u00a0\u00e0 ce stade\u00a0\u00bb apr\u00e8s une frappe russe sur Dnipro cette nuit"},"content":{"rendered":"<p>\n                                                                Ce 1er\u00a0d\u00e9cembre 2025, une frappe russe sur la ville de Dnipro, en Ukraine, a fait quatre morts. Une quinzaine de bless\u00e9s a \u00e9t\u00e9 recens\u00e9e \u00ab\u00a0\u00e0 ce stade\u00a0\u00bb.\n                            <\/p>\n<p>Le gouverneur <a href=\"https:\/\/www.midilibre.fr\/2025\/06\/27\/guerre-en-ukraine-le-terrible-bilan-de-la-nuit-pour-cette-petite-ville-apres-une-attaque-russe-redoutable-12790368.php\" target=\"_blank\" rel=\"noopener\">de la r\u00e9gion de Dnipro<\/a> a annonc\u00e9 <a href=\"https:\/\/www.midilibre.fr\/2025\/06\/08\/guerre-en-ukraine-pour-la-premiere-fois-depuis-le-debut-du-conflit-larmee-russe-progresse-dans-la-region-de-dnipropetrovsk-12748701.php\" target=\"_blank\" rel=\"noopener\">la mort de quatre\u00a0personnes<\/a> ce lundi. Il y a une quinzaine de bless\u00e9s \u00ab\u00a0\u00e0 ce stade\u00a0\u00bb.<\/p>\n<p>Frappes \u00e0 Dnipro<\/p>\n<p>Au moins quatre personnes ont \u00e9t\u00e9 tu\u00e9es et quinze autres bless\u00e9es dans une frappe de missile russe lundi sur Dnipro, grande ville du centre-est de l\u2019Ukraine, a indiqu\u00e9 le gouverneur r\u00e9gional.<\/p>\n<p>\u00ab\u00a0Nous avons \u00e0 ce stade des informations faisant \u00e9tat de quatre morts\u00a0\u00bb, a indiqu\u00e9 sur Telegram le gouverneur Vladyslav Ga\u00efvanenko. Il a aussi fait \u00e9tat de 15 bless\u00e9s, dont six dans un \u00e9tat grave, dans un message s\u00e9par\u00e9.<\/p>\n<p>Plan de paix<\/p>\n<p>L\u2019attaque intervient \u00e0 un moment capital des <a href=\"https:\/\/www.midilibre.fr\/2025\/12\/01\/guerre-en-ukraine-echanges-avec-emmanuel-macron-rendez-vous-au-quai-dorsay-le-programme-de-la-visite-de-volodymyr-zelensky-a-paris-13082967.php\" target=\"_blank\" rel=\"noopener\">n\u00e9gociations entre l\u2019Ukraine et la Russie<\/a>. Le plan am\u00e9ricain, \u00e9labor\u00e9 avec le Kremlin et propos\u00e9 \u00e0 l\u2019Ukraine est entr\u00e9 dans une nouvelle phase en fin de semaine, apr\u00e8s avoir \u00e9t\u00e9 revisit\u00e9 par les responsables europ\u00e9ens.\u00a0Volodymyr Zelensky se rend ce lundi 1er\u00a0d\u00e9cembre \u00e0 Paris pour \u00e9changer avec Emmanuel Macron.<\/p>\n<p>Selon la pr\u00e9sidence fran\u00e7aise, \u00ab\u00a0les deux dirigeants \u00e9changeront sur la situation et sur les conditions d\u2019une paix juste et durable, dans la continuit\u00e9 des discussions de Gen\u00e8ve et du plan am\u00e9ricain et d\u2019une concertation \u00e9troite avec nos partenaires europ\u00e9ens\u00a0\u00bb. Ils \u00ab\u00a0feront \u00e9galement le point sur le travail engag\u00e9 sur les garanties de s\u00e9curit\u00e9 dans le cadre de la coalition des volontaires\u00a0\u00bb.<\/p>\n","protected":false},"excerpt":{"rendered":"Ce 1er\u00a0d\u00e9cembre 2025, une frappe russe sur la ville de Dnipro, en Ukraine, a fait quatre morts. Une&hellip;\n","protected":false},"author":2,"featured_media":570928,"comment_status":"","ping_status":"","sticky":false,"template":"","format":"standard","meta":{"footnotes":""},"categories":[1590],"tags":[11,1777,674,12,220],"class_list":{"0":"post-570927","1":"post","2":"type-post","3":"status-publish","4":"format-standard","5":"has-post-thumbnail","7":"category-ukraine","8":"tag-actualites","9":"tag-eu","10":"tag-europe","11":"tag-news","12":"tag-ukraine"},"share_on_mastodon":{"url":"https:\/\/pubeurope.com\/@fr\/115644354202706937","error":""},"_links":{"self":[{"href":"https:\/\/www.europesays.com\/fr\/wp-json\/wp\/v2\/posts\/570927","targetHints":{"allow":["GET"]}}],"collection":[{"href":"https:\/\/www.europesays.com\/fr\/wp-json\/wp\/v2\/posts"}],"about":[{"href":"https:\/\/www.europesays.com\/fr\/wp-json\/wp\/v2\/types\/post"}],"author":[{"embeddable":true,"href":"https:\/\/www.europesays.com\/fr\/wp-json\/wp\/v2\/users\/2"}],"replies":[{"embeddable":true,"href":"https:\/\/www.europesays.com\/fr\/wp-json\/wp\/v2\/comments?post=570927"}],"version-history":[{"count":0,"href":"https:\/\/www.europesays.com\/fr\/wp-json\/wp\/v2\/posts\/570927\/revisions"}],"wp:featuredmedia":[{"embeddable":true,"href":"https:\/\/www.europesays.com\/fr\/wp-json\/wp\/v2\/media\/570928"}],"wp:attachment":[{"href":"https:\/\/www.europesays.com\/fr\/wp-json\/wp\/v2\/media?parent=570927"}],"wp:term":[{"taxonomy":"category","embeddable":true,"href":"https:\/\/www.europesays.com\/fr\/wp-json\/wp\/v2\/categories?post=570927"},{"taxonomy":"post_tag","embeddable":true,"href":"https:\/\/www.europesays.com\/fr\/wp-json\/wp\/v2\/tags?post=570927"}],"curies":[{"name":"wp","href":"https:\/\/api.w.org\/{rel}","templated":true}]}}