{"id":570946,"date":"2025-12-01T12:49:16","date_gmt":"2025-12-01T12:49:16","guid":{"rendered":"https:\/\/www.europesays.com\/fr\/570946\/"},"modified":"2025-12-01T12:49:16","modified_gmt":"2025-12-01T12:49:16","slug":"le-challenge-dans-le-football-fausse-bonne-idee-ou-vraie-revolution-france-arbitrage","status":"publish","type":"post","link":"https:\/\/www.europesays.com\/fr\/570946\/","title":{"rendered":"Le challenge dans le football : fausse bonne id\u00e9e ou vraie r\u00e9volution ? &#8211; France &#8211; Arbitrage"},"content":{"rendered":"<p data-start=\"632\" data-end=\"1053\">Ce lundi 1er\u00a0d\u00e9cembre, Anthony Gautier, le directeur de l\u2019arbitrage \u00e0 la FFF, va ressusciter ce que beaucoup pensaient enterr\u00e9 : le comit\u00e9 de liaison entre arbitres et clubs. Une instance r\u00e9introduite \u00e0 l\u2019\u00e9t\u00e9 2024 en France pour apaiser les tensions, puis d\u00e9sert\u00e9e au c\u0153ur de la saison 2024-2025 quand les pol\u00e9miques ont tout emport\u00e9. La r\u00e9activer aujourd\u2019hui tient presque de l\u2019acte d\u00e9sesp\u00e9r\u00e9 : remettre un peu de dialogue dans un climat o\u00f9 chaque d\u00e9cision d\u00e9clenche une controverse. Dans cet \u00e9cosyst\u00e8me o\u00f9 plus personne ne se parle, une id\u00e9e r\u00e9appara\u00eet par ricochet, parfois comme une blague qui n\u2019en est plus vraiment une : et si le football introduisait un challenge pour les entra\u00eeneurs ?<\/p>\n<p data-start=\"1325\" data-end=\"1687\"><a target=\"_blank\" href=\"https:\/\/www.sofoot.com\/breves\/au-mondial-u20-le-maroc-utilise-le-premier-carton-vert-de-lhistoire\" rel=\"noopener\">Un carton vert,<\/a> comme celui test\u00e9 r\u00e9cemment lors des Coupes du monde U17 et U20, qui leur permettrait de demander \u00e0 l\u2019arbitre d\u2019aller revoir une action. Une fois par match, renouvelable en cas de d\u00e9cision confirm\u00e9e. Rien d\u2019officiel, rien de pr\u00e9vu par l\u2019IFAB, mais une p\u00e9riode pour y r\u00e9fl\u00e9chir, et interroger ceux qui vivent avec le challenge depuis longtemps, dans d\u2019autres sports.<\/p>\n<p>Volley, basket\u2026 ces sports ont d\u00e9j\u00e0 saut\u00e9 le pas<\/p>\n<p data-start=\"1731\" data-end=\"2134\">Laurent Tillie, ancien s\u00e9lectionneur de l\u2019\u00e9quipe de France de volley-ball, a vu le syst\u00e8me de challenge appara\u00eetre d\u00e8s 2014 au niveau international, en m\u00eame temps que l\u2019arbitrage vid\u00e9o. Dans son sport, le challenge a profond\u00e9ment modifi\u00e9 l\u2019ambiance. \u00ab\u00a0Il n\u2019a pas chang\u00e9 le jeu, mais il a chang\u00e9 le confort des arbitres et celui des coachs, parce qu\u2019on ne peut plus contester l\u2019image\u00a0\u00bb, explique-t-il. Au volley, le ballon circule \u00e0 pr\u00e8s de 130 km\/h sur moins de dix m\u00e8tres. Les mains, les doigts, le filet sont sollicit\u00e9s en permanence. L\u2019arbitrage humain n\u2019a, seul, pratiquement aucune chance.<\/p>\n<blockquote>\n<p>C\u2019est un point positif qui a chang\u00e9 \u00e0 100 % l\u2019attitude des coachs, des arbitres et des joueurs. Il y a plus de confiance, un climat plus d\u00e9tendu avec le corps arbitral et les d\u00e9cisions.<\/p>\n<\/blockquote>\n<p>Laurent Tillie \u00e0 propos du challenge au volley<\/p>\n<p data-start=\"1731\" data-end=\"2134\">Le challenge a donc fait dispara\u00eetre une grande partie des tensions. \u00ab\u00a0C\u2019est un point positif qui a chang\u00e9 \u00e0 100 % l\u2019attitude des coachs, des arbitres et des joueurs. Il y a plus de confiance, un climat plus d\u00e9tendu avec le corps arbitral et les d\u00e9cisions\u00a0\u00bb, poursuit Tillie. Il rappelle m\u00eame que, lors de certaines comp\u00e9titions \u00e0 l\u2019\u00e9tranger, les juges de ligne locaux pouvaient \u00ab\u00a0arranger\u00a0\u00bb la r\u00e9alit\u00e9 : \u00ab\u00a0Aujourd\u2019hui, avec les cam\u00e9ras, on ne peut plus tricher.\u00a0\u00bb<\/p>\n<p data-start=\"1731\" data-end=\"2134\"><img decoding=\"async\" loading=\"lazy\" class=\"\" src=\"https:\/\/www.europesays.com\/fr\/wp-content\/uploads\/2025\/12\/grande.jpg\" alt=\"\" width=\"2560\" height=\"1707\"\/><\/p>\n<p data-start=\"2798\" data-end=\"2992\">Le basket, lui, vit avec le challenge depuis environ 4-5 ans. Fr\u00e9d\u00e9ric Fauthoux, s\u00e9lectionneur de l\u2019\u00e9quipe de France, le d\u00e9crit comme un outil ambivalent : utile, mais loin d\u2019\u00eatre miraculeux : \u00ab\u00a0C\u2019est \u00e0 la fois un outil de justice et un outil tactique.\u00a0\u00bb Ballon sorti, faute antisportive, chrono \u00e0 v\u00e9rifier : le challenge peut r\u00e9parer une injustice. \u00ab\u00a0\u00c7a peut \u00eatre une arme, reconna\u00eet-il. Il faut savoir le garder pour les moments importants, surtout en fin de match, parce qu\u2019on n\u2019en a qu\u2019un par rencontre, renouvelable si on a raison. Il y a donc une vraie gestion du challenge.\u00a0\u00bb<\/p>\n<p data-start=\"3388\" data-end=\"3785\">Au volley, o\u00f9 les entra\u00eeneurs disposent de deux challenges par set, Tillie reconna\u00eet aussi s\u2019en servir comme outil de management :\u202f\u00ab\u00a0Souvent, je l\u2019utilise pour calmer mes joueurs. Ils me hurlent : \u201cJ\u2019AI PAS TOUCH\u00c9 ! J\u2019AI PAS TOUCH\u00c9 !\u201d On challenge\u2026 et finalement ils ont touch\u00e9 la balle. Apr\u00e8s, c\u2019est r\u00e9gl\u00e9 : c\u2019est moi qui d\u00e9cide, se marre-t-il. C\u2019est une fa\u00e7on d\u2019apaiser et de mieux g\u00e9rer l\u2019humain.\u202f\u00bb M\u00eame si, selon l\u2019exp\u00e9rience de Fauthoux, la possibilit\u00e9 d\u2019avoir recours \u00e0 un challenge ne fait pas dispara\u00eetre la frustration :\u00a0\u00ab\u00a0Elle est toujours l\u00e0, parce qu\u2019on aimerait challenger beaucoup plus souvent. Le basket va tr\u00e8s vite, il y a \u00e9norm\u00e9ment de contacts, autoris\u00e9s ou non. Et le basket est un sport d\u2019erreurs : le but du jeu est d\u2019en faire le moins possible.\u00a0\u00bb Avec le challenge, la frustration devient simplement plus rationnelle.<\/p>\n<p>Ce que le foot pourrait y gagner<\/p>\n<p data-start=\"4243\" data-end=\"4635\">Le foot est l\u2019un des derniers grands sports o\u00f9 l\u2019usage de la vid\u00e9o reste encore trop opaque, centralis\u00e9 sur les arbitres et infantilisant pour les acteurs. La VAR intervient, ou n\u2019intervient pas, selon la myst\u00e9rieuse notion d\u2019\u00ab\u00a0erreur manifeste\u00a0\u00bb, terme tellement flou qu\u2019il alimente davantage de parano\u00efa que de transparence. Les arbitres vid\u00e9o, eux, restent invisibles, retranch\u00e9s dans un camion, \u00e0 mille lieues du terrain. Les entra\u00eeneurs hurlent sans savoir si quelqu\u2019un \u00e9coute. Et les pr\u00e9sidents jouent les clients m\u00e9contents, <a target=\"_blank\" href=\"https:\/\/www.sofoot.com\/breves\/olivier-letang-president-lillois-se-plaint-de-larbitrage-contre-le-paok-en-ligue-europa-jai-deja-ecrit-a-ceferin\" rel=\"noopener\">\u00e0 l\u2019image d\u2019Olivier L\u00e9tang<\/a> mena\u00e7ant l\u2019arbitrage d\u2019aller voir le responsable du restaurant Monsieur \u010ceferin.<\/p>\n<blockquote>\n<p>Prenez le stade V\u00e9lodrome : m\u00eame avec une explication, est-ce que tout le monde accepterait la d\u00e9cision ?<\/p>\n<\/blockquote>\n<p>Fr\u00e9d\u00e9ric Fauthoux, s\u00e9lectionneur de l\u2019\u00e9quipe de France de basket<\/p>\n<p data-start=\"4942\" data-end=\"5491\">Le challenge pourrait renverser cette m\u00e9fiance. Il r\u00e9introduirait de la responsabilit\u00e9 partout : \u00e0 l\u2019entra\u00eeneur qui demande une v\u00e9rification ; \u00e0 l\u2019arbitre qui va voir l\u2019image ; aux joueurs un peu plus encourag\u00e9s \u00e0 ne pas chercher \u00e0 duper les arbitres ou leur coach. Et pourquoi ne pas aller plus loin et cr\u00e9er un v\u00e9ritable m\u00e9tier d\u2019arbitre vid\u00e9o, \u00e9ventuellement compos\u00e9 d\u2019anciens joueurs, plus sensibles \u00e0 l\u2019interpr\u00e9tation des actions ? Dans les meilleurs cas, le football redeviendrait un espace o\u00f9 les acteurs assument leurs d\u00e9cisions, leurs doutes et leurs demandes.<\/p>\n<p data-start=\"4942\" data-end=\"5491\"><img decoding=\"async\" loading=\"lazy\" class=\"\" src=\"https:\/\/www.europesays.com\/fr\/wp-content\/uploads\/2025\/12\/1764593356_772_grande.jpg\" alt=\"\" width=\"2560\" height=\"1706\"\/><\/p>\n<p data-start=\"5493\" data-end=\"5872\">Le meilleur exemple de l\u2019utilisation du challenge a eu lieu<a target=\"_blank\" href=\"https:\/\/www.sofoot.com\/breves\/mondial-u20-le-maroc-domine-largentine-et-remporte-le-titre\" rel=\"noopener\"> lors de la finale du Mondial U20<\/a>. Le premier but marocain, inscrit sur coup franc direct par <a target=\"_blank\" href=\"https:\/\/www.sofoot.com\/articles\/mondial-u20-au-maroc-la-generation-z-prend-les-commandes\" rel=\"noopener\">Yassir Zabiri<\/a>, n\u2019aurait jamais exist\u00e9 sans le fameux carton vert. La faute \u00e0 l\u2019origine du coup franc n\u2019avait pas \u00e9t\u00e9 siffl\u00e9e initialement et ne devait pas \u00eatre revue, puisqu\u2019elle ne concernait ni un penalty ni un carton rouge. Mohamed Ouahbi, s\u00e9lectionneur marocain, et son staff avaient tout vu et ont demand\u00e9 \u00e0 l\u2019arbitre d\u2019aller consulter la vid\u00e9o. Les ralentis ont rendu la faute \u00e9vidente : carton jaune pour le gardien argentin, coup franc\u2026 et ouverture du score dans la foul\u00e9e.<\/p>\n<p data-start=\"6131\" data-end=\"6690\">Pour annoncer sa d\u00e9cision, l\u2019arbitre a ensuite pris la parole au micro afin d\u2019expliquer son choix au stade et aux t\u00e9l\u00e9spectateurs. Une d\u00e9marche p\u00e9dagogique d\u00e9j\u00e0 pratiqu\u00e9e dans certains championnats, comme la Serie A, et depuis longtemps en basket. Mais Fauthoux reste prudent : \u00ab\u00a0C\u2019est tr\u00e8s int\u00e9ressant p\u00e9dagogiquement, expliquer la r\u00e8gle et le processus. \u00c7a \u00e9duquera une partie du public. Mais il y en aura toujours une autre qui ne comprendra pas. Prenez le stade V\u00e9lodrome : m\u00eame avec une explication, est-ce que tout le monde accepterait la d\u00e9cision ?\u00a0\u00bb<\/p>\n<p>\u00ab\u202fCertaines l\u00e9gendes viennent d\u2019erreurs humaines\u202f\u00bb<\/p>\n<p data-start=\"6728\" data-end=\"6890\">Le challenge ne r\u00e9glerait pas tout. La question de l\u2019interpr\u00e9tation restera centrale. Qu\u2019il s\u2019agisse de la VAR ou d\u2019un challenge, la zone grise existera toujours. <a target=\"_blank\" href=\"https:\/\/www.sofoot.com\/breves\/la-direction-technique-de-larbitrage-explique-pourquoi-le-but-de-kvaratskhelia-contre-lol-aurait-du-etre-refuse\" rel=\"noopener\">L\u2019exemple r\u00e9cent de la possible faute de Vitinha<\/a> sur Tanner Tessmann lors de la victoire du PSG au Groupama Stadium (2-3) l\u2019illustre bien. Beno\u00eet Bastien n\u2019\u00e9tait pas all\u00e9 voir les images, se fiant aux informations transmises depuis le camion VAR. Si, \u00e0 la suite d\u2019un challenge demand\u00e9 par Paulo Fonseca (ou Jorge Maciel), Beno\u00eet Bastien avait visionn\u00e9 les images puis maintenu sa d\u00e9cision, la controverse aurait \u00e9t\u00e9 sans fin. Surtout depuis les corrections de la DTA apr\u00e8s chaque week-end, qui ravivent la frustration des supporters et des clubs.<\/p>\n<\/p>\n<p data-start=\"7437\" data-end=\"7809\">Fauthoux alerte \u00e9galement sur les d\u00e9rives du challenge en fin de match. En NBA, les derni\u00e8res secondes peuvent durer un quart d\u2019heure. Le challenge peut aussi devenir un moyen de hacher le jeu, voire d\u2019agir de mani\u00e8re opportuniste. \u00ab\u00a0\u00c7a nous sert parfois de temps mort d\u00e9guis\u00e9, assume-t-il.\u00a0On casse le rythme quand il ne nous est pas favorable. C\u2019est une autre dimension tactique du challenge.\u00a0\u00bb Plus largement demeure cette crainte, presque taboue, que la technologie finisse par aseptiser le sport. \u00ab\u00a0Certaines l\u00e9gendes viennent d\u2019erreurs humaines\u00a0\u00bb, rappelle Fauthoux. D\u00e8s que les images sont \u00e0 disposition, ces erreurs ne sont plus tol\u00e9r\u00e9es.<\/p>\n<p data-start=\"8058\" data-end=\"8419\">Aujourd\u2019hui, la VAR transforme les arbitres en prestataires plus qu\u2019en partenaires. Introduire un challenge, ce serait une tentative de r\u00e9\u00e9quilibrage, tout en admettant que l\u2019utopie de la perfection arbitrale est ridicule et impossible. Le football se juge et se jauge \u00e0 vitesse r\u00e9elle. Et si, finalement, ce petit carton vert devenait le premier pas vers un football qui recommence \u00e0 se parler ?<\/p>\n<p>\t\t\t\t\t\t\t\t\t\t<a class=\"lien-connexe\" href=\"https:\/\/www.sofoot.com\/articles\/wesley-fofana-des-blues-de-chelsea-aux-bleus-de-lequipe-de-france\" target=\"_blank\" rel=\"noopener\">Wesley Fofana, des Blues aux Bleus\u202f?<\/a>\t\t\t\t\t<\/p>\n","protected":false},"excerpt":{"rendered":"Ce lundi 1er\u00a0d\u00e9cembre, Anthony Gautier, le directeur de l\u2019arbitrage \u00e0 la FFF, va ressusciter ce que beaucoup pensaient&hellip;\n","protected":false},"author":2,"featured_media":570947,"comment_status":"","ping_status":"","sticky":false,"template":"","format":"standard","meta":{"footnotes":""},"categories":[1417],"tags":[47,61,69,65,64,63,1011,27,68,66,62,70,67,60,1470,1469],"class_list":{"0":"post-570946","1":"post","2":"type-post","3":"status-publish","4":"format-standard","5":"has-post-thumbnail","7":"category-volley","8":"tag-actualite","9":"tag-actus-football","10":"tag-bundesliga","11":"tag-championnats-europeens","12":"tag-equipe-de-france","13":"tag-football","14":"tag-fr","15":"tag-france","16":"tag-ligua","17":"tag-ligue-1","18":"tag-news-foot","19":"tag-premier-league","20":"tag-serie-a","21":"tag-sports","22":"tag-volley","23":"tag-volleyball"},"share_on_mastodon":{"url":"https:\/\/pubeurope.com\/@fr\/115644398632521041","error":""},"_links":{"self":[{"href":"https:\/\/www.europesays.com\/fr\/wp-json\/wp\/v2\/posts\/570946","targetHints":{"allow":["GET"]}}],"collection":[{"href":"https:\/\/www.europesays.com\/fr\/wp-json\/wp\/v2\/posts"}],"about":[{"href":"https:\/\/www.europesays.com\/fr\/wp-json\/wp\/v2\/types\/post"}],"author":[{"embeddable":true,"href":"https:\/\/www.europesays.com\/fr\/wp-json\/wp\/v2\/users\/2"}],"replies":[{"embeddable":true,"href":"https:\/\/www.europesays.com\/fr\/wp-json\/wp\/v2\/comments?post=570946"}],"version-history":[{"count":0,"href":"https:\/\/www.europesays.com\/fr\/wp-json\/wp\/v2\/posts\/570946\/revisions"}],"wp:featuredmedia":[{"embeddable":true,"href":"https:\/\/www.europesays.com\/fr\/wp-json\/wp\/v2\/media\/570947"}],"wp:attachment":[{"href":"https:\/\/www.europesays.com\/fr\/wp-json\/wp\/v2\/media?parent=570946"}],"wp:term":[{"taxonomy":"category","embeddable":true,"href":"https:\/\/www.europesays.com\/fr\/wp-json\/wp\/v2\/categories?post=570946"},{"taxonomy":"post_tag","embeddable":true,"href":"https:\/\/www.europesays.com\/fr\/wp-json\/wp\/v2\/tags?post=570946"}],"curies":[{"name":"wp","href":"https:\/\/api.w.org\/{rel}","templated":true}]}}