{"id":570954,"date":"2025-12-01T12:56:21","date_gmt":"2025-12-01T12:56:21","guid":{"rendered":"https:\/\/www.europesays.com\/fr\/570954\/"},"modified":"2025-12-01T12:56:21","modified_gmt":"2025-12-01T12:56:21","slug":"kita-attend-noel-pour-virer-luis-castro","status":"publish","type":"post","link":"https:\/\/www.europesays.com\/fr\/570954\/","title":{"rendered":"Kita attend No\u00ebl pour virer Luis Castro"},"content":{"rendered":"<p><b>Battu par Lyon dimanche soir, Nantes est 16e de <a href=\"https:\/\/www.foot01.com\/ligue1\" title=\"Ligue 1\" target=\"_blank\" rel=\"noopener\">Ligue 1<\/a> \u00e0 \u00e9galit\u00e9 avec le 17e. Uns situation p\u00e9rilleuse qui menace l\u2019entra\u00eeneur Luis Castro.<\/b>Le d\u00e9but de saison du FC Nantes n\u2019est clairement pas \u00e0 la hauteur des attentes de la direction. M\u00eame si le mercato a \u00e9t\u00e9 terrible cet \u00e9t\u00e9 avec les d\u00e9parts de plusieurs joueurs importants \u00e0 l\u2019instar de Nathan Z\u00e9z\u00e9, Pedro Chirivella ou Moses Simon, les dirigeants des Canaris s\u2019attendaient \u00e0 voir leur \u00e9quipe au minimum dans le ventre mou. <a href=\"https:\/\/www.foot01.com\/ligue1\/double-de-satriano-lol-roule-sur-nantes\" target=\"_self\" rel=\"noopener\">La situation est plus p\u00e9rilleuse avec une 16e place<\/a> au bout de 14 journ\u00e9es, \u00e0 \u00e9galit\u00e9 avec Metz, actuel 17e.<\/p>\n<p>La d\u00e9faite \u00e0 Lyon, m\u00eame si elle s\u2019explique aussi par des faits d\u2019arbitrage, n\u2019arrange pas le cas de l\u2019entra\u00eeneur portugais Luis Castro, arriv\u00e9 en provenance de Dunkerque l\u2019\u00e9t\u00e9 dernier. A en croire les informations de L\u2019Equipe, le technicien de 45 ans n\u2019est pas encore menac\u00e9. Autrement dit, un renvoi avant la tr\u00eave hivernale n\u2019est pas envisag\u00e9e par Waldemar et Franck Kita. En revanche, un point sera fait apr\u00e8s les deux derniers matchs de Ligue 1 en 2025 face \u00e0 Lens et Angers.<\/p>\n<p>Si deux d\u00e9faites suppl\u00e9mentaires venaient \u00e0 s\u2019ajouter dans le bilan de Luis Castro, alors un limogeage pourrait s\u00e9rieusement \u00eatre envisag\u00e9. Avec ou sans son entra\u00eeneur portugais, Nantes sera en tout cas actif lors du prochain mercato hivernal selon notre confr\u00e8re Johan Rigaud. \u00ab Un point sur la situation du club et la sienne, par ricochet, sera \u00e9tabli \u00e0 la tr\u00eave de No\u00ebl, avant un mercato d&rsquo;hiver o\u00f9 le FCN cherchera \u00e0 combler ses manques \u00bb confirme le journaliste de L\u2019Equipe.<\/p>\n<p>Une bonne nouvelle pour les supporters nantais, qui regrettent la faiblesse de l\u2019effectif des Canaris depuis le d\u00e9but de la saison. Un constat notamment valable au milieu de terrain, o\u00f9 Luis Castro souffre des absences sur blessure de Louis Leroux ainsi que de son capitaine Francis Coquelin. Le secteur d\u00e9fensif pourrait \u00e9galement \u00eatre renforc\u00e9 tandis qu\u2019en attaque, on peut estimer que Nantes est suffisamment fourni sur le papier avec des joueurs tels que Matthis Abline, Mostafa Mohamed ou encore Ignatius Ganago, qui va faire son retour de pr\u00eat en d\u00e9cembre apr\u00e8s son aventure aux Etats-Unis.<\/p>\n","protected":false},"excerpt":{"rendered":"Battu par Lyon dimanche soir, Nantes est 16e de Ligue 1 \u00e0 \u00e9galit\u00e9 avec le 17e. Uns situation&hellip;\n","protected":false},"author":2,"featured_media":570955,"comment_status":"","ping_status":"","sticky":false,"template":"","format":"standard","meta":{"footnotes":""},"categories":[1410],"tags":[462,63,1011,27,66,60],"class_list":{"0":"post-570954","1":"post","2":"type-post","3":"status-publish","4":"format-standard","5":"has-post-thumbnail","7":"category-football","8":"tag-fc-nantes","9":"tag-football","10":"tag-fr","11":"tag-france","12":"tag-ligue-1","13":"tag-sports"},"share_on_mastodon":{"url":"https:\/\/pubeurope.com\/@fr\/115644424875928535","error":""},"_links":{"self":[{"href":"https:\/\/www.europesays.com\/fr\/wp-json\/wp\/v2\/posts\/570954","targetHints":{"allow":["GET"]}}],"collection":[{"href":"https:\/\/www.europesays.com\/fr\/wp-json\/wp\/v2\/posts"}],"about":[{"href":"https:\/\/www.europesays.com\/fr\/wp-json\/wp\/v2\/types\/post"}],"author":[{"embeddable":true,"href":"https:\/\/www.europesays.com\/fr\/wp-json\/wp\/v2\/users\/2"}],"replies":[{"embeddable":true,"href":"https:\/\/www.europesays.com\/fr\/wp-json\/wp\/v2\/comments?post=570954"}],"version-history":[{"count":0,"href":"https:\/\/www.europesays.com\/fr\/wp-json\/wp\/v2\/posts\/570954\/revisions"}],"wp:featuredmedia":[{"embeddable":true,"href":"https:\/\/www.europesays.com\/fr\/wp-json\/wp\/v2\/media\/570955"}],"wp:attachment":[{"href":"https:\/\/www.europesays.com\/fr\/wp-json\/wp\/v2\/media?parent=570954"}],"wp:term":[{"taxonomy":"category","embeddable":true,"href":"https:\/\/www.europesays.com\/fr\/wp-json\/wp\/v2\/categories?post=570954"},{"taxonomy":"post_tag","embeddable":true,"href":"https:\/\/www.europesays.com\/fr\/wp-json\/wp\/v2\/tags?post=570954"}],"curies":[{"name":"wp","href":"https:\/\/api.w.org\/{rel}","templated":true}]}}