{"id":570957,"date":"2025-12-01T12:58:11","date_gmt":"2025-12-01T12:58:11","guid":{"rendered":"https:\/\/www.europesays.com\/fr\/570957\/"},"modified":"2025-12-01T12:58:11","modified_gmt":"2025-12-01T12:58:11","slug":"la-peinture-de-rubens-vendue-a-versailles-va-quitter-la-france","status":"publish","type":"post","link":"https:\/\/www.europesays.com\/fr\/570957\/","title":{"rendered":"la peinture de Rubens vendue \u00e0 Versailles va quitter la France"},"content":{"rendered":"<p>                    Par<br \/>\n        <strong><br \/>\n            <a href=\"https:\/\/actu.fr\/auteur\/julien-vancaeyseele\" title=\"Consulter tous les articles de Julien Van Caeyseele\" target=\"_blank\" rel=\"noopener\">Julien Van Caeyseele<\/a><br \/>\n                    <\/strong><\/p>\n<p>        Publi\u00e9 le<\/p>\n<p>            1 d\u00e9c. 2025 \u00e0 10h56        <\/p>\n<p>\u00ab\u2009Vu l\u2019impact que ce tableau a eu sur le public,<a href=\"https:\/\/actu.fr\/societe\/cette-peinture-ma-reconciliee-avec-leglise-la-folie-rubens-sempare-de-fontainebleau-avant-versailles_63437512.html\" target=\"_blank\" rel=\"noopener\"> \u00e0 chaque fois qu\u2019il a \u00e9t\u00e9 pr\u00e9sent\u00e9<\/a>, je regrette qu\u2019il n\u2019ait pas \u00e9t\u00e9 achet\u00e9 par un mus\u00e9e fran\u00e7ais.\u2009\u00bb La phrase est sign\u00e9e de<a href=\"https:\/\/actu.fr\/ile-de-france\/fontainebleau_77186\/jean-pierre-we-have-a-rubens-de-paris-a-fontainebleau-lincroyable-decouverte-dun-chef-doeuvre-disparu_63148928.html\" target=\"_blank\" rel=\"noopener\"> Me Jean-Pierre Osenat<\/a>, commissaire-priseur <a href=\"https:\/\/actu.fr\/ile-de-france\/fontainebleau_77186\" target=\"_blank\" rel=\"noopener\">\u00e0 Fontainebleau <\/a>(<b>Seine-et-Marne<\/b>), en marge de la vente de l\u2019\u0153uvre Le Christ en croix, ce dimanche 30\u00a0novembre 2025 <a href=\"https:\/\/actu.fr\/ile-de-france\/versailles_78646\/cest-une-histoire-impossible-qui-mettra-la-main-sur-le-tableau-de-rubens-vendu-a-versailles_63426936.html\" target=\"_blank\" rel=\"noopener\">\u00e0 Versailles <\/a>(<b>Yvelines<\/b>). Cette peinture de <b>Pierre-Paul Rubens<\/b> (1577-1640), port\u00e9e disparue depuis 1613, a \u00e9t\u00e9 <a href=\"https:\/\/actu.fr\/histoire-patrimoine\/apres-400-ans-de-disparition-ce-tableau-de-rubens-a-ete-vendu-pour-une-plus-grosse-somme-que-prevue_63509261.html\" target=\"_blank\" rel=\"noopener\">vendue pour la somme de 2,94\u00a0millions d\u2019euros<\/a>, avec les frais, alors qu\u2019elle \u00e9tait estim\u00e9e entre un et deux millions d\u2019euros. Mais qui a mis la main sur cette toile\u2009?<\/p>\n<p>La toile disparue de Rubens vendue pr\u00e8s de 3\u00a0millions d\u2019euros \u00e0 Versailles<\/p>\n<p class=\" wall-content\">C\u2019est un collectionneur londonien, grand amateur d\u2019art contemporain et qui commence \u00e0 s\u2019int\u00e9resser \u00e0 la peinture ancienne, qui a achet\u00e9 le chef-d\u2019\u0153uvre. \u00ab\u2009C\u2019est une triste nouvelle que cette \u0153uvre quitte la France, poursuit <b>Jean-Pierre Osenat<\/b>. Mais on ne peut pas faire grand-chose, vu la conjoncture dans notre pays. Quand on veut faire peur aux gens\u2026 on voit le r\u00e9sultat concret\u2009: on n\u2019arr\u00eate pas d\u2019entendre des d\u00e9put\u00e9s dire qu\u2019il faut taxer les riches, alors il ne faut pas s\u2019\u00e9tonner de la frilosit\u00e9 des collectionneurs fran\u00e7ais.\u2009\u00bb<\/p>\n<p class=\" wall-content\">Et d\u2019ajouter\u2009: \u00ab\u2009Je pense que l\u2019actualit\u00e9 autour des difficult\u00e9s en France pour voter un budget a eu un impact direct\u2026\u2009\u00bb M\u00eame constat pour Jean-Christophe Chataignier, associ\u00e9 \u00e0 la maison Osenat\u2009: \u00ab\u2009Si ce n\u2019\u00e9tait pas Londres, le tableau serait parti \u00e0 New-York\u2009\u00bb, estime-t-il. Avec ce prix, cette \u0153uvre se classe parmi les ventes les plus importantes de la <b>maison Osenat.<\/b> En 2022, un<b> grand vase chinois Tianqiuping <\/b>en porcelaine et \u00e9maux polychromes avait \u00e9t\u00e9 <a href=\"https:\/\/actu.fr\/ile-de-france\/fontainebleau_77186\/video-seine-et-marne-un-vase-chinois-estime-1000-euros-vendu-plus-de-9-millions-deuros_54207300.html\" target=\"_blank\" rel=\"noopener\">vendu plus de 9\u00a0millions d\u2019euros. <\/a>En 2007, un sabre de Napol\u00e9on avait \u00e9t\u00e9 vendu pour 4,8 M\u20ac.<\/p>\n<p class=\" wall-content\">Personnalisez votre actualit\u00e9 en ajoutant vos villes et m\u00e9dias en favori avec <a href=\"https:\/\/moncompte.actu.fr\" title=\"D\u00e9couvez Mon Actu\" rel=\"nofollow noopener\" data-trk=\"{&quot;cta&quot;:{&quot;action&quot;:&quot;https:\\\/\\\/moncompte.actu.fr&quot;,&quot;category&quot;:&quot;mon compte&quot;,&quot;from&quot;:&quot;article footer&quot;,&quot;name&quot;:&quot;Mon actu&quot;,&quot;type&quot;:&quot;cta&quot;}}\" target=\"_blank\">Mon Actu<\/a>.<\/p>\n","protected":false},"excerpt":{"rendered":"Par Julien Van Caeyseele Publi\u00e9 le 1 d\u00e9c. 2025 \u00e0 10h56 \u00ab\u2009Vu l\u2019impact que ce tableau a eu&hellip;\n","protected":false},"author":2,"featured_media":570958,"comment_status":"","ping_status":"","sticky":false,"template":"","format":"standard","meta":{"footnotes":""},"categories":[1358],"tags":[1348,1384,1385,1386,58,59,7405,1011,27,104],"class_list":{"0":"post-570957","1":"post","2":"type-post","3":"status-publish","4":"format-standard","5":"has-post-thumbnail","7":"category-arts-et-design","8":"tag-arts","9":"tag-arts-and-design","10":"tag-arts-et-design","11":"tag-design","12":"tag-divertissement","13":"tag-entertainment","14":"tag-fontainebleau","15":"tag-fr","16":"tag-france","17":"tag-societe"},"share_on_mastodon":{"url":"https:\/\/pubeurope.com\/@fr\/115644432605013389","error":""},"_links":{"self":[{"href":"https:\/\/www.europesays.com\/fr\/wp-json\/wp\/v2\/posts\/570957","targetHints":{"allow":["GET"]}}],"collection":[{"href":"https:\/\/www.europesays.com\/fr\/wp-json\/wp\/v2\/posts"}],"about":[{"href":"https:\/\/www.europesays.com\/fr\/wp-json\/wp\/v2\/types\/post"}],"author":[{"embeddable":true,"href":"https:\/\/www.europesays.com\/fr\/wp-json\/wp\/v2\/users\/2"}],"replies":[{"embeddable":true,"href":"https:\/\/www.europesays.com\/fr\/wp-json\/wp\/v2\/comments?post=570957"}],"version-history":[{"count":0,"href":"https:\/\/www.europesays.com\/fr\/wp-json\/wp\/v2\/posts\/570957\/revisions"}],"wp:featuredmedia":[{"embeddable":true,"href":"https:\/\/www.europesays.com\/fr\/wp-json\/wp\/v2\/media\/570958"}],"wp:attachment":[{"href":"https:\/\/www.europesays.com\/fr\/wp-json\/wp\/v2\/media?parent=570957"}],"wp:term":[{"taxonomy":"category","embeddable":true,"href":"https:\/\/www.europesays.com\/fr\/wp-json\/wp\/v2\/categories?post=570957"},{"taxonomy":"post_tag","embeddable":true,"href":"https:\/\/www.europesays.com\/fr\/wp-json\/wp\/v2\/tags?post=570957"}],"curies":[{"name":"wp","href":"https:\/\/api.w.org\/{rel}","templated":true}]}}