{"id":570959,"date":"2025-12-01T13:00:32","date_gmt":"2025-12-01T13:00:32","guid":{"rendered":"https:\/\/www.europesays.com\/fr\/570959\/"},"modified":"2025-12-01T13:00:32","modified_gmt":"2025-12-01T13:00:32","slug":"canal-lance-une-offre-inedite-beaucoup-moins-chere-que-dhabitude","status":"publish","type":"post","link":"https:\/\/www.europesays.com\/fr\/570959\/","title":{"rendered":"Canal+ lance une offre in\u00e9dite beaucoup moins ch\u00e8re que\u00a0d\u2019habitude\u00a0"},"content":{"rendered":"<p>Canal+ termine l\u2019ann\u00e9e 2025 avec une nouvelle offre coup de poing. Pour moins de 16 \u20ac, on peut s\u2019abonner \u00e0 la cha\u00eene propos\u00e9e et profiter des nombreux contenus, en direct comme en replay (avec publicit\u00e9s). <\/p>\n<p><a href=\"https:\/\/www.numerama.com\/pop-culture\/2124599-canal-joue-la-carte-du-black-friday-avec-une-offre-complete-a-40-e-par-mois.html\" target=\"_blank\" rel=\"noopener\">Canal+<\/a> a d\u00e9cid\u00e9 de d\u00e9gainer une derni\u00e8re offre, en s\u00e9rie limit\u00e9e, pour clore l\u2019ann\u00e9e 2025. Et pas des moindres : sobrement baptis\u00e9e Canal+ La Cha\u00eene, elle ne co\u00fbtera que 15,99 \u20ac par mois, et ce sans engagement. Cette formule, la plus accessible du catalogue, s\u2019adresse \u00e0 celles et ceux qui ne veulent que l\u2019essentiel, sachant qu\u2019ils profiteront quand m\u00eame de nombreux programmes de qualit\u00e9 (cin\u00e9ma et sport, principalement).<\/p>\n<p>Canal+ Le Cha\u00eene, comme son nom l\u2019indique, permet de ne visionner que la cha\u00eene Canal+, et aucune d\u00e9riv\u00e9e, contrairement \u00e0 l\u2019abonnement classique \u00e0 24,99 \u20ac (<a href=\"https:\/\/www.numerama.com\/pop-culture\/1428574-il-y-aura-10-chaines-canal-a-la-rentree-oui-cest-beaucoup.html\" target=\"_blank\" rel=\"noopener\">qui permet aussi de regarder Canal+ Box Office, Canal+ Grand \u00c9cran, Canal+ Sport 360, Canal+ Docs et Canal+ Kids<\/a>). D\u2019autres restrictions sont bien \u00e9videmment \u00e0 pr\u00e9voir pour payer Canal+ moins de 16 \u20ac par mois.<\/p>\n<p><a href=\"https:\/\/www.numerama.com\/wp-content\/uploads\/2025\/12\/capture-decran-2025-12-01-a-105141.jpg\" target=\"_blank\" rel=\"noopener\"><img decoding=\"async\" width=\"1024\" height=\"576\" loading=\"lazy\" alt=\"Canal+ La Cha\u00eene \/\/ Source : Canal+\" title=\"Canal+ La Cha\u00eene \/\/ Source : Canal+\" class=\"wp-image-2131561 placeholder-default wp-image\" src=\"https:\/\/www.europesays.com\/fr\/wp-content\/uploads\/2025\/12\/capture-decran-2025-12-01-a-105141-1024x576.jpg\" \/><\/a>Canal+ La Cha\u00eene. \/\/ Source : Canal+<\/p>\n<p>Canal+ lance une offre \u00e0 moins de 16 \u20ac : que contient-elle ? <\/p>\n<p>Les restrictions \u00e0 avoir en t\u00eate<\/p>\n<p>Outre l\u2019acc\u00e8s \u00e0 une seule et unique cha\u00eene, Canal+ La Cha\u00eene limite les replays aux contenus de courte dur\u00e9e. Ce qui signifie que les programmes disponibles en rattrapage ne le sont que pendant une p\u00e9riode tr\u00e8s limit\u00e9e, g\u00e9n\u00e9ralement de quelques heures \u00e0 quelques jours seulement apr\u00e8s la diffusion. En somme, il faut se d\u00e9p\u00eacher pour en profiter, contrairement aux formules plus ch\u00e8res.<\/p>\n<p>Autre point \u00e0 noter : les replays imposent des publicit\u00e9s, y compris pour les contenus Canal+. <\/p>\n<p>Canal+ La Cha\u00eene n\u2019autorise pas plusieurs utilisateurs en m\u00eame temps, et n\u2019est accessible que depuis un appareil connect\u00e9 (<a href=\"https:\/\/www.numerama.com\/tech\/2093001-attention-si-vous-avez-ce-decodeur-canal-il-va-rapidement-falloir-changer-dequipement.html\" target=\"_blank\" rel=\"noopener\">pas de d\u00e9codeur Canal+<\/a>). La <a href=\"https:\/\/boutique.canalplus.com\/articles\/canal-la-chaine\/canal-la-chaine-qu-est-ce-que-c-est\" target=\"_blank\" rel=\"noreferrer noopener\">page<\/a> comparant les offres pr\u00e9cise que les box internet sont \u00e9galement exclues, \u00e0 l\u2019exception de Free. Dans un communiqu\u00e9 re\u00e7u par Numerama le 1er d\u00e9cembre, l\u2019op\u00e9rateur indique en effet : \u00ab \u2018CANAL+ La Cha\u00eene En Live\u2019 devient \u2018CANAL+ La Cha\u00eene\u2019 et s\u2019enrichit d\u2019un service de replay inclus, sans aucun surco\u00fbt pour les abonn\u00e9s Freebox qui y ont acc\u00e8s. Free reste le seul op\u00e9rateur \u00e0 inclure cette cha\u00eene dans une offre fixe avec la Freebox Ultra et d\u00e9sormais le replay ce qui rend son offre d\u00e9j\u00e0 ultra g\u00e9n\u00e9reuse encore plus attractive. \u00bb<\/p>\n<p>En termes de qualit\u00e9 d\u2019image et de son, on se contente logiquement d\u2019un flux en HD et du son Dolby 5.1 (pas de 4K UHD, ni de HDR ou de Dolby Atmos). <\/p>\n<p>Que peut-on vraiment regarder sur Canal+ ? <\/p>\n<p>Si on peut penser que les programmes diffus\u00e9s par la cha\u00eene principale de Canal+ sont restreints, surtout \u00e0 ce tarif tr\u00e8s bas, il n\u2019en est rien. Il suffit de regarder <a href=\"https:\/\/x.com\/canalplus\/status\/1995406282996478453\/photo\/1\" target=\"_blank\" rel=\"noreferrer noopener\">ce qui est pr\u00e9vu au mois de d\u00e9cembre<\/a> pour comprendre que la s\u00e9lection sera vari\u00e9e et de qualit\u00e9 : <a href=\"https:\/\/www.numerama.com\/pop-culture\/1836854-quand-sort-la-saison-2-de-loups-garous-sur-canal.html\" target=\"_blank\" rel=\"noopener\">la saison 2 de Loups-Garous<\/a>, des matchs de foot (tous les mercredis quand il y a Ligue des champions, ainsi que la Premier League), le film Dragons, <a href=\"https:\/\/www.numerama.com\/pop-culture\/704990-comment-regarder-le-gp-qatar-de-f1-en-direct.html\" target=\"_blank\" rel=\"noopener\">le dernier Grand Prix de Formule 1<\/a> de la saison 2025 (et tous ceux de 2026)\u2026 Il y a de quoi faire, en qualit\u00e9 comme en quantit\u00e9. <\/p>\n<p>\u00ab Les derni\u00e8res sorties cin\u00e9ma et s\u00e9ries, les grands \u00e9v\u00e8nements sportifs comme le top match du mercredi de l\u2019UEFA Champions League, deux matchs par journ\u00e9e de TOP 14, jusqu\u2019\u00e0 1 match par journ\u00e9e de Premier League, tous les Grands Prix de Formule 1 et de Moto GP (hors essais et qualifications), et les \u00e9missions et programmes du moment de la cha\u00eene Canal+ \u00bb, lit-on sur la page de l\u2019offre. <\/p>\n<p>        <img decoding=\"async\" width=\"75\" height=\"75\" loading=\"eager\" alt=\"CANAL+ (MyCanal) \u2013 Icon\" title=\"CANAL+ (MyCanal) \u2013 Icon\" class=\"is-block wp-image\" fetchpriority=\"high\" src=\"https:\/\/www.europesays.com\/fr\/wp-content\/uploads\/2025\/12\/CANAL-MyCanal-Icon.png\" \/>    <\/p>\n<p>            <a href=\"https:\/\/www.numerama.com\/telecharger\/mycanal.html#download\" class=\"is-inline-flex btn m-1 is-align-items-center has-text-weight-bold\" target=\"_blank\" rel=\"nofollow noopener\"><br \/>\n            <strong>T\u00e9l\u00e9charger gratuitement<\/strong><\/p>\n<p>        <\/a><\/p>\n<p>            <img decoding=\"async\" src=\"https:\/\/www.europesays.com\/fr\/wp-content\/uploads\/2025\/04\/iPhone-16-pro.png\" alt=\"Toute l'actu tech en un clien d'oeil\"\/><\/p>\n<p class=\"card-install-pwa__title\">Toute l&rsquo;actu tech en un clin d&rsquo;\u0153il<\/p>\n<p class=\"card-install-pwa__description\">Ajoutez Numerama \u00e0 votre \u00e9cran d&rsquo;accueil et restez connect\u00e9s au futur !<\/p>\n<p>            <img decoding=\"async\" src=\"https:\/\/www.numerama.com\/wp-content\/themes\/numerama-next\/assets\/images\/premium\/logo-card-pwa-coupe.svg\" alt=\"Logo PWA\"\/><\/p>\n<p>       Installer Numerama<\/p>\n","protected":false},"excerpt":{"rendered":"Canal+ termine l\u2019ann\u00e9e 2025 avec une nouvelle offre coup de poing. Pour moins de 16 \u20ac, on peut&hellip;\n","protected":false},"author":2,"featured_media":570960,"comment_status":"","ping_status":"","sticky":false,"template":"","format":"standard","meta":{"footnotes":""},"categories":[1356],"tags":[1419,10474,58,59,1011,27,30859,252,1364],"class_list":{"0":"post-570959","1":"post","2":"type-post","3":"status-publish","4":"format-standard","5":"has-post-thumbnail","7":"category-television","8":"tag-canal-plus","9":"tag-canal","10":"tag-divertissement","11":"tag-entertainment","12":"tag-fr","13":"tag-france","14":"tag-mycanal","15":"tag-television","16":"tag-tv"},"share_on_mastodon":{"url":"https:\/\/pubeurope.com\/@fr\/115644442112927554","error":""},"_links":{"self":[{"href":"https:\/\/www.europesays.com\/fr\/wp-json\/wp\/v2\/posts\/570959","targetHints":{"allow":["GET"]}}],"collection":[{"href":"https:\/\/www.europesays.com\/fr\/wp-json\/wp\/v2\/posts"}],"about":[{"href":"https:\/\/www.europesays.com\/fr\/wp-json\/wp\/v2\/types\/post"}],"author":[{"embeddable":true,"href":"https:\/\/www.europesays.com\/fr\/wp-json\/wp\/v2\/users\/2"}],"replies":[{"embeddable":true,"href":"https:\/\/www.europesays.com\/fr\/wp-json\/wp\/v2\/comments?post=570959"}],"version-history":[{"count":0,"href":"https:\/\/www.europesays.com\/fr\/wp-json\/wp\/v2\/posts\/570959\/revisions"}],"wp:featuredmedia":[{"embeddable":true,"href":"https:\/\/www.europesays.com\/fr\/wp-json\/wp\/v2\/media\/570960"}],"wp:attachment":[{"href":"https:\/\/www.europesays.com\/fr\/wp-json\/wp\/v2\/media?parent=570959"}],"wp:term":[{"taxonomy":"category","embeddable":true,"href":"https:\/\/www.europesays.com\/fr\/wp-json\/wp\/v2\/categories?post=570959"},{"taxonomy":"post_tag","embeddable":true,"href":"https:\/\/www.europesays.com\/fr\/wp-json\/wp\/v2\/tags?post=570959"}],"curies":[{"name":"wp","href":"https:\/\/api.w.org\/{rel}","templated":true}]}}