{"id":570961,"date":"2025-12-01T13:02:17","date_gmt":"2025-12-01T13:02:17","guid":{"rendered":"https:\/\/www.europesays.com\/fr\/570961\/"},"modified":"2025-12-01T13:02:17","modified_gmt":"2025-12-01T13:02:17","slug":"avec-elle-je-nai-jamais-eu-droit-a","status":"publish","type":"post","link":"https:\/\/www.europesays.com\/fr\/570961\/","title":{"rendered":"\u201cAvec elle, je n\u2019ai jamais eu droit \u00e0\u2026 \u201c"},"content":{"rendered":"<p>Par <a class=\"author_recette\" id=\"author_name\" href=\"https:\/\/www.nextplz.fr\/auteur\/francis-uliel\" target=\"_blank\" rel=\"noopener\">Francis<br \/>\nUliel<\/a> &#8211;<br \/>\nPubli\u00e9 le 01 D\u00e9c 2025 \u00e0<br \/>\n13:30<\/p>\n<p class=\"article-intro excerpt\">Autrefois en couple avec Vanessa<br \/>\nParadis, Florent Pagny, brise le silence et exprime son amertume<br \/>\nconcernant celle qui a autrefois partag\u00e9 sa vie.<\/p>\n<p>Florent Pagny a une longue et belle carri\u00e8re \u00e0 succ\u00e8s. Durant<br \/>\nson brillant parcours, le chanteur de 64 ans a eu l\u00a0\u00bboccasion de<br \/>\nc\u00f4toyer des figures embl\u00e9matiques du paysage de la chanson<br \/>\nfran\u00e7aise. On peut entre autre citer, Johnny Hallyday ou encore<br \/>\nJean-Jacques Goldman. Parmi ses nombreuses collaborations,<br \/>\ncertaines se sont transform\u00e9es en belles amiti\u00e9s et d&rsquo;autres en<br \/>\nhistoire d&rsquo;amour\u2026 C&rsquo;est notamment le cas avec Vanessa Paradis.<br \/>\nRappelons que les deux starlettes ont v\u00e9cu une histoire d&rsquo;amour qui<br \/>\naura dur\u00e9 trois ans.<\/p>\n<p>Le<br \/>\nreproche de Florent Pagny \u00e0 son ex Vanessa Paradis<\/p>\n<p>\u00c0 l&rsquo;\u00e9poque, cette idylle entre Florent Pagny et Vanessa Paradis<br \/>\na fait couler beaucoup d&rsquo;encre. Ce, en raison de leur diff\u00e9rence<br \/>\nd\u2019\u00e2ge. L&rsquo;interpr\u00e8te de Caruso \u00e9tait en effet \u00e2g\u00e9 de 27<br \/>\nans, tandis que la jolie blonde, elle, n&rsquo;avait que 16 ans. Si<br \/>\nFlorent Pagny n&rsquo;a aucun regret concernant cette histoire d&rsquo;amour,<br \/>\nle chanteur a tout de m\u00eame gard\u00e9 une certaine frustration. Il le<br \/>\npr\u00e9cise d&rsquo;ailleurs dans son autobiographie \u00ab\u00a0Pagny par Florent\u00a0\u00bb.<br \/>\n\u00ab\u00a0Lorsqu\u2019on s\u2019est s\u00e9par\u00e9s, trois ans apr\u00e8s notre rencontre,<br \/>\nalors que tout allait bien d\u00e9sormais pour elle, j\u2019ai d\u00e9gag\u00e9 de la<br \/>\nphoto. Direct !\u00a0\u00bb, d\u00e9plore-t-il. <a href=\"https:\/\/www.nextplz.fr\/people\/511048-florent-pagny-adepte-de-la-chirurgie-esthetique-le-chanteur-de-63-ans-devoile-loperation-quil-a-subie-trois-fois\" target=\"_blank\" rel=\"noopener\"><br \/>\nPagny, adepte de la chirurgie esth\u00e9tique<\/a>, d\u00e9plore ensuite :<br \/>\n\u00ab\u00a0C\u2019est ce que je peux lui reprocher \u00e0 la fin, parce que j\u2019ai<br \/>\ntellement \u00e9t\u00e9 l\u00e0 pour elle, j\u2019ai tellement \u0153uvr\u00e9 pour arranger tout<br \/>\nce qui \u00e9tait foireux ou malsain autour d\u2019elle, et \u00e7a lui a<br \/>\ntellement r\u00e9ussi\u00a0\u00bb.<\/p>\n<p>\u00ab\u00a0Je n\u2019ai jamais eu<br \/>\ndroit \u00e0 un coup de main\u00a0\u00bb<\/p>\n<p>Toujours dans son autobiographie, Florent Pagny, d\u00e9gout\u00e9 par<br \/>\ncette fin abrupte, ajoute : \u00ab\u00a0Jamais personne n\u2019a reconnu \u00e7a.<br \/>\nPas m\u00eame elle. Je n\u2019ai jamais eu droit \u00e0 un coup de main lorsque<br \/>\nj\u2019\u00e9tais dans le fond du trou\u00a0\u00bb. Apr\u00e8s leur rupture, les deux ex<br \/>\nont perdu contact jusqu&rsquo;en janvier 2022. Alors qu&rsquo;il luttait contre<br \/>\nle cancer, le chanteur a \u00e9t\u00e9 surpris par un appel de Vanessa<br \/>\nParadis, soucieuse de son \u00e9tat de sant\u00e9. Aupr\u00e8s de nos confr\u00e8res de<br \/>\nParis Match, Florent Pagny confiait \u00e0 propos de cette reprise de<br \/>\ncontact : \u00ab\u00a0\u00c7a m&rsquo;a fait plaisir. C&rsquo;est normal que tu t&rsquo;inqui\u00e8tes<br \/>\nde ce qui arrive \u00e0 quelqu&rsquo;un avec qui tu as pass\u00e9 trois ans de ta<br \/>\nvie.\u00a0\u00bb Le chanteur a tenu \u00e0 pr\u00e9ciser que cet appel \u00e9tait<br \/>\nstrictement dans un cadre amical et rien de plus.<\/p>\n<p>Azucena Caama\u00f1o<br \/>\nbalance sur Vanessa Paradis<\/p>\n<p>Toujours aupr\u00e8s de nos confr\u00e8res, <a href=\"https:\/\/www.nextplz.fr\/people\/519248-florent-pagny-devoile-comment-vianney-la-aide-a-creer-son-album-en-pleine-bataille-contre-la-maladie\" target=\"_blank\" rel=\"noopener\"><br \/>\nFlorent Pagny, aid\u00e9 par Vianney pour la cr\u00e9ation de son album<\/a>,<br \/>\npr\u00e9cisait : \u00ab\u00a0Elle avait bien vu que j&rsquo;avais trouv\u00e9 ma moiti\u00e9,<br \/>\nque j&rsquo;avais fond\u00e9 ma famille. La maladie a fait qu&rsquo;\u00e0 un moment,<br \/>\nelle s&rsquo;est fait du souci pour moi. Mais nous n&rsquo;allions pas d&rsquo;un<br \/>\nseul coup revenir en arri\u00e8re\u00a0\u00bb. En effet, lors de sa descente<br \/>\naux enfers, le chanteur a pu compter sur le soutien inconditionnel<br \/>\nde sa compagne Azucena Caama\u00f1o. Dans son livre, l&rsquo;ic\u00f4ne de la<br \/>\nmusique fran\u00e7aise \u00e9voque m\u00eame une phrase prononc\u00e9e par sa moiti\u00e9,<br \/>\nlaquelle r\u00e9sume \u00e0 merveille son ressenti sur cette histoire<br \/>\nancienne : \u00ab\u00a0Ma femme m\u2019a dit une fois : &lsquo;C\u2019est marrant, toi tu<br \/>\nas pass\u00e9 trois ans avec Vanessa, mais elle, elle n\u2019a jamais \u00e9t\u00e9<br \/>\navec toi&rsquo;. Ma foi, c\u2019est pas mal vu&rsquo;.<\/p>\n","protected":false},"excerpt":{"rendered":"Par Francis Uliel &#8211; Publi\u00e9 le 01 D\u00e9c 2025 \u00e0 13:30 Autrefois en couple avec Vanessa Paradis, Florent&hellip;\n","protected":false},"author":2,"featured_media":570962,"comment_status":"","ping_status":"","sticky":false,"template":"","format":"standard","meta":{"footnotes":""},"categories":[1355],"tags":[58,59,1011,27,1361,873],"class_list":{"0":"post-570961","1":"post","2":"type-post","3":"status-publish","4":"format-standard","5":"has-post-thumbnail","7":"category-musique","8":"tag-divertissement","9":"tag-entertainment","10":"tag-fr","11":"tag-france","12":"tag-music","13":"tag-musique"},"share_on_mastodon":{"url":"https:\/\/pubeurope.com\/@fr\/115644448353261961","error":""},"_links":{"self":[{"href":"https:\/\/www.europesays.com\/fr\/wp-json\/wp\/v2\/posts\/570961","targetHints":{"allow":["GET"]}}],"collection":[{"href":"https:\/\/www.europesays.com\/fr\/wp-json\/wp\/v2\/posts"}],"about":[{"href":"https:\/\/www.europesays.com\/fr\/wp-json\/wp\/v2\/types\/post"}],"author":[{"embeddable":true,"href":"https:\/\/www.europesays.com\/fr\/wp-json\/wp\/v2\/users\/2"}],"replies":[{"embeddable":true,"href":"https:\/\/www.europesays.com\/fr\/wp-json\/wp\/v2\/comments?post=570961"}],"version-history":[{"count":0,"href":"https:\/\/www.europesays.com\/fr\/wp-json\/wp\/v2\/posts\/570961\/revisions"}],"wp:featuredmedia":[{"embeddable":true,"href":"https:\/\/www.europesays.com\/fr\/wp-json\/wp\/v2\/media\/570962"}],"wp:attachment":[{"href":"https:\/\/www.europesays.com\/fr\/wp-json\/wp\/v2\/media?parent=570961"}],"wp:term":[{"taxonomy":"category","embeddable":true,"href":"https:\/\/www.europesays.com\/fr\/wp-json\/wp\/v2\/categories?post=570961"},{"taxonomy":"post_tag","embeddable":true,"href":"https:\/\/www.europesays.com\/fr\/wp-json\/wp\/v2\/tags?post=570961"}],"curies":[{"name":"wp","href":"https:\/\/api.w.org\/{rel}","templated":true}]}}