{"id":570978,"date":"2025-12-01T13:11:15","date_gmt":"2025-12-01T13:11:15","guid":{"rendered":"https:\/\/www.europesays.com\/fr\/570978\/"},"modified":"2025-12-01T13:11:15","modified_gmt":"2025-12-01T13:11:15","slug":"la-justice-retire-lautorite-parentale-a-cedric-jubillar-condamne-pour-meurtre","status":"publish","type":"post","link":"https:\/\/www.europesays.com\/fr\/570978\/","title":{"rendered":"La justice retire l\u2019autorit\u00e9 parentale \u00e0 C\u00e9dric Jubillar, condamn\u00e9 pour meurtre"},"content":{"rendered":"<p>Un mois et demi apr\u00e8s sa condamnation pour le meurtre de sa femme Delphine par la cour d\u2019assises du <a href=\"https:\/\/www.20minutes.fr\/toulouse\/tarn\/\" class=\"c-link c-link--is-underlined\" target=\"_blank\" rel=\"noopener\">Tarn<\/a>, C\u00e9dric <a href=\"https:\/\/www.20minutes.fr\/faits_divers\/affaire-jubillar\/\" class=\"c-link c-link--is-underlined\" target=\"_blank\" rel=\"noopener\">Jubillar<\/a> a \u00e9t\u00e9 d\u00e9chu, ce lundi, de son autorit\u00e9 parentale.<\/p>\n<\/p>\n<p>Apr\u00e8s cette condamnation \u00e0 trente ans de r\u00e9clusion criminelle, le 17\u00a0octobre dernier, par le jury populaire \u00e0 <a href=\"https:\/\/www.20minutes.fr\/dossier\/albi\" class=\"c-link c-link--is-underlined\" target=\"_blank\" rel=\"noopener\">Albi<\/a>, il restait \u00e0 d\u00e9battre les int\u00e9r\u00eats civils, notamment l\u2019autorit\u00e9 parentale. La cour d\u2019assises avait mis la d\u00e9cision en d\u00e9lib\u00e9r\u00e9 \u00e0 ce jour.<\/p>\n<p>Sans surprise au regard de la jurisprudence, elle a d\u00e9cid\u00e9 de retirer l\u2019autorit\u00e9 parentale de Louis (11 ans) et Elyah (6 ans), les deux enfants n\u00e9s de l\u2019union de C\u00e9dric et de Delphine. \u00ab\u00a0En cas de condamnation d\u2019un parent comme auteur [\u2026] d\u2019un crime commis sur la personne de l\u2019autre parent, la juridiction p\u00e9nale ordonne le retrait total de l\u2019autorit\u00e9 parentale\u00a0\u00bb, rappelle la cour d\u2019assises dans son arr\u00eat\u00e9 civil.<\/p>\n<p>Violences physiques et psychologiques<\/p>\n<p>Les deux enfants du couple avaient \u00e9t\u00e9 confi\u00e9s \u00e0 leur tante maternelle apr\u00e8s la disparition de leur m\u00e8re, dans la nuit du 5 au 16\u00a0d\u00e9cembre 2020.<\/p>\n<p>Lors des quatre semaines du proc\u00e8s, de nombreux t\u00e9moins ont attest\u00e9 \u00e0 la barre des violences physiques et psychologiques (gifles, mise au coin \u00e0 genoux sur des Lego, insultes\u2026) commises par C\u00e9dric Jubillar contre son fils.<\/p>\n<p><a href=\"https:\/\/www.20minutes.fr\/faits_divers\/affaire-jubillar\/\" class=\"c-link c-btn c-btn--primary\" target=\"_blank\" rel=\"noopener\">Notre dossier sur l&rsquo;affaire Jubillar<\/a><\/p>\n<p>Lors de l\u2019audience civile qui a suivi le verdict, Malika Chmani et Laurent Boguet, les avocats repr\u00e9sentant les int\u00e9r\u00eats des deux enfants, ont demand\u00e9 que le p\u00e8re soit d\u00e9chu de son autorit\u00e9 parentale. Une \u00ab\u00a0suite logique\u00a0\u00bb, selon Malika Chmani.<\/p>\n<p>C\u00e9dric Jubillar a dix jours pour faire appel de cette d\u00e9cision. Le 20 octobre, ses avocats (puis le minist\u00e8re public, trois jours plus tard), ont par ailleurs fait appel de sa condamnation \u00e0 30 ans de r\u00e9clusion criminelle. Il sera rejug\u00e9 dans un d\u00e9lai d\u2019un an par une autre cour d\u2019assises, qui pourrait \u00eatre celle de la Haute-Garonne.<\/p>\n","protected":false},"excerpt":{"rendered":"Un mois et demi apr\u00e8s sa condamnation pour le meurtre de sa femme Delphine par la cour d\u2019assises&hellip;\n","protected":false},"author":2,"featured_media":570979,"comment_status":"","ping_status":"","sticky":false,"template":"","format":"standard","meta":{"footnotes":""},"categories":[2],"tags":[47,11,33044,7296,20851,1011,27,303,12],"class_list":{"0":"post-570978","1":"post","2":"type-post","3":"status-publish","4":"format-standard","5":"has-post-thumbnail","7":"category-actualites","8":"tag-actualite","9":"tag-actualites","10":"tag-affaire-jubillar","11":"tag-albi","12":"tag-cour-dassises","13":"tag-fr","14":"tag-france","15":"tag-justice","16":"tag-news"},"share_on_mastodon":{"url":"https:\/\/pubeurope.com\/@fr\/115644483803692458","error":""},"_links":{"self":[{"href":"https:\/\/www.europesays.com\/fr\/wp-json\/wp\/v2\/posts\/570978","targetHints":{"allow":["GET"]}}],"collection":[{"href":"https:\/\/www.europesays.com\/fr\/wp-json\/wp\/v2\/posts"}],"about":[{"href":"https:\/\/www.europesays.com\/fr\/wp-json\/wp\/v2\/types\/post"}],"author":[{"embeddable":true,"href":"https:\/\/www.europesays.com\/fr\/wp-json\/wp\/v2\/users\/2"}],"replies":[{"embeddable":true,"href":"https:\/\/www.europesays.com\/fr\/wp-json\/wp\/v2\/comments?post=570978"}],"version-history":[{"count":0,"href":"https:\/\/www.europesays.com\/fr\/wp-json\/wp\/v2\/posts\/570978\/revisions"}],"wp:featuredmedia":[{"embeddable":true,"href":"https:\/\/www.europesays.com\/fr\/wp-json\/wp\/v2\/media\/570979"}],"wp:attachment":[{"href":"https:\/\/www.europesays.com\/fr\/wp-json\/wp\/v2\/media?parent=570978"}],"wp:term":[{"taxonomy":"category","embeddable":true,"href":"https:\/\/www.europesays.com\/fr\/wp-json\/wp\/v2\/categories?post=570978"},{"taxonomy":"post_tag","embeddable":true,"href":"https:\/\/www.europesays.com\/fr\/wp-json\/wp\/v2\/tags?post=570978"}],"curies":[{"name":"wp","href":"https:\/\/api.w.org\/{rel}","templated":true}]}}