{"id":570988,"date":"2025-12-01T13:22:15","date_gmt":"2025-12-01T13:22:15","guid":{"rendered":"https:\/\/www.europesays.com\/fr\/570988\/"},"modified":"2025-12-01T13:22:15","modified_gmt":"2025-12-01T13:22:15","slug":"toulon-7-quartiers-ideaux-pour-elever-vos-enfants-en-bord-de-mer","status":"publish","type":"post","link":"https:\/\/www.europesays.com\/fr\/570988\/","title":{"rendered":"Toulon : 7 quartiers id\u00e9aux pour \u00e9lever vos enfants en bord de mer"},"content":{"rendered":"<p>Entre Siblas et La Serinette, <strong><a href=\"https:\/\/www.seloger.com\/prix-de-l-immo\/vente\/provence-alpes-cote-d-azur\/var\/toulon\/beaulieu-darboussedes\/46161.htm\" rel=\"noopener\" target=\"_blank\">Darbouss\u00e8des<\/a> s\u00e9duit les familles en qu\u00eate de calme,<\/strong> <strong>sans s\u2019\u00e9loigner des commodit\u00e9s<\/strong>. Le quartier b\u00e9n\u00e9ficie en effet d\u2019une vraie vie locale\u00a0: \u00e9coles, restaurants, cr\u00e8ches\u2026, tout est l\u00e0\u00a0!<\/p>\n<p>Le secteur poss\u00e8de \u00e9galement <strong>de bonnes<\/strong> <strong>infrastructures sportives<\/strong>, comme le stade L\u00e9o Lagrange et la piscine du m\u00eame nom. Enfin, les prix y restent raisonnables\u00a0: <strong>2\u00a0761\u00a0\u20ac\/m\u00b2<\/strong> pour un appartement et <strong>4\u00a0316\u00a0\u20ac\/m\u00b2<\/strong> pour une maison.<\/p>\n","protected":false},"excerpt":{"rendered":"Entre Siblas et La Serinette, Darbouss\u00e8des s\u00e9duit les familles en qu\u00eate de calme, sans s\u2019\u00e9loigner des commodit\u00e9s. Le&hellip;\n","protected":false},"author":2,"featured_media":462925,"comment_status":"","ping_status":"","sticky":false,"template":"","format":"standard","meta":{"footnotes":""},"categories":[9619],"tags":[1111,11,1777,674,1011,27,12,882,25,2310],"class_list":{"0":"post-570988","1":"post","2":"type-post","3":"status-publish","4":"format-standard","5":"has-post-thumbnail","7":"category-toulon","8":"tag-actu","9":"tag-actualites","10":"tag-eu","11":"tag-europe","12":"tag-fr","13":"tag-france","14":"tag-news","15":"tag-provence-alpes-cote-dazur","16":"tag-republique-francaise","17":"tag-toulon"},"share_on_mastodon":{"url":"https:\/\/pubeurope.com\/@fr\/115644526878825335","error":""},"_links":{"self":[{"href":"https:\/\/www.europesays.com\/fr\/wp-json\/wp\/v2\/posts\/570988","targetHints":{"allow":["GET"]}}],"collection":[{"href":"https:\/\/www.europesays.com\/fr\/wp-json\/wp\/v2\/posts"}],"about":[{"href":"https:\/\/www.europesays.com\/fr\/wp-json\/wp\/v2\/types\/post"}],"author":[{"embeddable":true,"href":"https:\/\/www.europesays.com\/fr\/wp-json\/wp\/v2\/users\/2"}],"replies":[{"embeddable":true,"href":"https:\/\/www.europesays.com\/fr\/wp-json\/wp\/v2\/comments?post=570988"}],"version-history":[{"count":0,"href":"https:\/\/www.europesays.com\/fr\/wp-json\/wp\/v2\/posts\/570988\/revisions"}],"wp:featuredmedia":[{"embeddable":true,"href":"https:\/\/www.europesays.com\/fr\/wp-json\/wp\/v2\/media\/462925"}],"wp:attachment":[{"href":"https:\/\/www.europesays.com\/fr\/wp-json\/wp\/v2\/media?parent=570988"}],"wp:term":[{"taxonomy":"category","embeddable":true,"href":"https:\/\/www.europesays.com\/fr\/wp-json\/wp\/v2\/categories?post=570988"},{"taxonomy":"post_tag","embeddable":true,"href":"https:\/\/www.europesays.com\/fr\/wp-json\/wp\/v2\/tags?post=570988"}],"curies":[{"name":"wp","href":"https:\/\/api.w.org\/{rel}","templated":true}]}}