{"id":570989,"date":"2025-12-01T13:24:14","date_gmt":"2025-12-01T13:24:14","guid":{"rendered":"https:\/\/www.europesays.com\/fr\/570989\/"},"modified":"2025-12-01T13:24:14","modified_gmt":"2025-12-01T13:24:14","slug":"pres-de-montpellier-cykero-prepare-ses-premiers-recrutements","status":"publish","type":"post","link":"https:\/\/www.europesays.com\/fr\/570989\/","title":{"rendered":"Pr\u00e8s de Montpellier, Cykero pr\u00e9pare ses premiers recrutements"},"content":{"rendered":"<p>La marque europ\u00e9enne du reconditionn\u00e9 premium Cykero vient de lancer la construction de son futur Technocentre industriel 5.0, dont l\u2019ouverture est annonc\u00e9e pour 2027, \u00e0 Castelnau-le-Lez. Sur 3800 m\u00b2, le site prolongera la dur\u00e9e de vie des smartphones, tablettes ou laptops gr\u00e2ce \u00e0 un processus de reconditionnement ultra-contr\u00f4l\u00e9, quatre fois moins \u00e9metteur qu\u2019un produit neuf.<\/p>\n<p>Au-del\u00e0 de l\u2019innovation environnementale, le projet marque aussi une mont\u00e9e en puissance RH\u00a0: 30 recrutements sont programm\u00e9s d\u00e8s 2026, premi\u00e8re \u00e9tape d\u2019un objectif de 160 emplois directs d\u2019ici 2030. Techniciens, ing\u00e9nieurs qualit\u00e9, IT, logistique, finance ou support client feront partie des profils cibl\u00e9s. Cykero pr\u00e9voit de s\u2019appuyer sur les \u00e9coles locales, France Travail et les organismes de formation pour structurer ces futures embauches, tout en \u00e9tudiant la cr\u00e9ation d\u2019un programme certifiant d\u00e9di\u00e9 au reconditionnement \u00e9lectronique.<\/p>\n","protected":false},"excerpt":{"rendered":"La marque europ\u00e9enne du reconditionn\u00e9 premium Cykero vient de lancer la construction de son futur Technocentre industriel 5.0,&hellip;\n","protected":false},"author":2,"featured_media":24040,"comment_status":"","ping_status":"","sticky":false,"template":"","format":"standard","meta":{"footnotes":""},"categories":[9599],"tags":[1111,11,63951,341,1777,674,1011,27,693,2208,12,2680,25,42],"class_list":{"0":"post-570989","1":"post","2":"type-post","3":"status-publish","4":"format-standard","5":"has-post-thumbnail","7":"category-montpellier","8":"tag-actu","9":"tag-actualites","10":"tag-cykero","11":"tag-emploi","12":"tag-eu","13":"tag-europe","14":"tag-fr","15":"tag-france","16":"tag-industrie","17":"tag-montpellier","18":"tag-news","19":"tag-occitanie","20":"tag-republique-francaise","21":"tag-technologies"},"share_on_mastodon":{"url":"https:\/\/pubeurope.com\/@fr\/115644534953166242","error":""},"_links":{"self":[{"href":"https:\/\/www.europesays.com\/fr\/wp-json\/wp\/v2\/posts\/570989","targetHints":{"allow":["GET"]}}],"collection":[{"href":"https:\/\/www.europesays.com\/fr\/wp-json\/wp\/v2\/posts"}],"about":[{"href":"https:\/\/www.europesays.com\/fr\/wp-json\/wp\/v2\/types\/post"}],"author":[{"embeddable":true,"href":"https:\/\/www.europesays.com\/fr\/wp-json\/wp\/v2\/users\/2"}],"replies":[{"embeddable":true,"href":"https:\/\/www.europesays.com\/fr\/wp-json\/wp\/v2\/comments?post=570989"}],"version-history":[{"count":0,"href":"https:\/\/www.europesays.com\/fr\/wp-json\/wp\/v2\/posts\/570989\/revisions"}],"wp:featuredmedia":[{"embeddable":true,"href":"https:\/\/www.europesays.com\/fr\/wp-json\/wp\/v2\/media\/24040"}],"wp:attachment":[{"href":"https:\/\/www.europesays.com\/fr\/wp-json\/wp\/v2\/media?parent=570989"}],"wp:term":[{"taxonomy":"category","embeddable":true,"href":"https:\/\/www.europesays.com\/fr\/wp-json\/wp\/v2\/categories?post=570989"},{"taxonomy":"post_tag","embeddable":true,"href":"https:\/\/www.europesays.com\/fr\/wp-json\/wp\/v2\/tags?post=570989"}],"curies":[{"name":"wp","href":"https:\/\/api.w.org\/{rel}","templated":true}]}}