{"id":570990,"date":"2025-12-01T13:25:20","date_gmt":"2025-12-01T13:25:20","guid":{"rendered":"https:\/\/www.europesays.com\/fr\/570990\/"},"modified":"2025-12-01T13:25:20","modified_gmt":"2025-12-01T13:25:20","slug":"collision-frontale-entre-deux-voitures-ce-week-end","status":"publish","type":"post","link":"https:\/\/www.europesays.com\/fr\/570990\/","title":{"rendered":"collision frontale entre deux voitures ce week-end"},"content":{"rendered":"<p>\nDeux v\u00e9hicules sont entr\u00e9s en collision \u00e0 Montpellier, ce week-end.<\/p>\n<p>\n\u00a9 Linda Mansouri \/ InfOccitanie. pompier .<\/p>\n<p><a data-no-instant=\"1\" href=\"https:\/\/www.nimes.fr\/agenda\/portes-ouvertes-h2-centre-des-congres\" rel=\"noopener\" class=\"a2t-link\" aria-label=\"3758-image\" target=\"_blank\"><img decoding=\"async\" src=\"https:\/\/www.europesays.com\/fr\/wp-content\/uploads\/2025\/12\/3758-image.jpeg\" alt=\"\"  \/><\/a><a data-no-instant=\"1\" href=\"https:\/\/scaira.grantplatform.com\/\" rel=\"noopener\" class=\"a2t-link\" aria-label=\"3222-image\" target=\"_blank\"><img decoding=\"async\" src=\"https:\/\/www.europesays.com\/fr\/wp-content\/uploads\/2025\/12\/3222-image.png\" alt=\"\"  \/><\/a><\/p>\n<p>Un accident s\u2019est produit rue de Montels l\u2019\u00c9glise, dans le quartier des Pr\u00e9s d\u2019Ar\u00e8nes, \u00e0 <a href=\"https:\/\/infoccitanie.fr\/tag\/montpellier\/\" target=\"_blank\" rel=\"noopener\">Montpellier.<\/a> Deux v\u00e9hicules sont entr\u00e9s en collision \u00e0 haute vitesse, dans la nuit du samedi\u00a029 au dimanche 30\u00a0novembre 2025, vers 1h30 du matin, rapporte <a href=\"https:\/\/www.midilibre.fr\/2025\/11\/30\/collision-frontale-entre-deux-voitures-a-montpellier-deux-blesses-evacues-dans-un-etat-grave-13082741.php\" target=\"_blank\" rel=\"nofollow noopener\">Midi Libre<\/a>. Le choc a eu lieu entre l\u2019avenue du March\u00e9-Gare et les Pr\u00e9s d\u2019Ar\u00e8nes. Deux hommes \u00e2g\u00e9s de 38 et 19 ans ont \u00e9t\u00e9 \u00e9vacu\u00e9s dans un \u00e9tat grave vers le CHU Lapeyronie par les pompiers, qui avaient d\u00fb d\u00e9sincarc\u00e9rer l\u2019un d\u2019entre eux, selon le m\u00eame m\u00e9dia.<\/p>\n<p><a data-no-instant=\"1\" href=\"https:\/\/nimes-metropole-entreprises.fr\/le-territoire-de-nimes-metropole\/un-reseau-economique-et-collaboratif\/restart-le-salon-de-la-creation-et-reprise-dentreprise-02-12-25-2\/\" rel=\"noopener\" class=\"a2t-link\" aria-label=\"3210-image\" target=\"_blank\"><img decoding=\"async\" src=\"https:\/\/www.europesays.com\/fr\/wp-content\/uploads\/2025\/11\/3210-image.jpeg\" alt=\"\"  \/><\/a><\/p>\n","protected":false},"excerpt":{"rendered":"Deux v\u00e9hicules sont entr\u00e9s en collision \u00e0 Montpellier, ce week-end. \u00a9 Linda Mansouri \/ InfOccitanie. pompier . Un&hellip;\n","protected":false},"author":2,"featured_media":570991,"comment_status":"","ping_status":"","sticky":false,"template":"","format":"standard","meta":{"footnotes":""},"categories":[9599],"tags":[119,1111,11,1777,674,1011,27,2208,12,2680,25,42766],"class_list":{"0":"post-570990","1":"post","2":"type-post","3":"status-publish","4":"format-standard","5":"has-post-thumbnail","7":"category-montpellier","8":"tag-accident","9":"tag-actu","10":"tag-actualites","11":"tag-eu","12":"tag-europe","13":"tag-fr","14":"tag-france","15":"tag-montpellier","16":"tag-news","17":"tag-occitanie","18":"tag-republique-francaise","19":"tag-sdis34"},"share_on_mastodon":{"url":"https:\/\/pubeurope.com\/@fr\/115644539596577919","error":""},"_links":{"self":[{"href":"https:\/\/www.europesays.com\/fr\/wp-json\/wp\/v2\/posts\/570990","targetHints":{"allow":["GET"]}}],"collection":[{"href":"https:\/\/www.europesays.com\/fr\/wp-json\/wp\/v2\/posts"}],"about":[{"href":"https:\/\/www.europesays.com\/fr\/wp-json\/wp\/v2\/types\/post"}],"author":[{"embeddable":true,"href":"https:\/\/www.europesays.com\/fr\/wp-json\/wp\/v2\/users\/2"}],"replies":[{"embeddable":true,"href":"https:\/\/www.europesays.com\/fr\/wp-json\/wp\/v2\/comments?post=570990"}],"version-history":[{"count":0,"href":"https:\/\/www.europesays.com\/fr\/wp-json\/wp\/v2\/posts\/570990\/revisions"}],"wp:featuredmedia":[{"embeddable":true,"href":"https:\/\/www.europesays.com\/fr\/wp-json\/wp\/v2\/media\/570991"}],"wp:attachment":[{"href":"https:\/\/www.europesays.com\/fr\/wp-json\/wp\/v2\/media?parent=570990"}],"wp:term":[{"taxonomy":"category","embeddable":true,"href":"https:\/\/www.europesays.com\/fr\/wp-json\/wp\/v2\/categories?post=570990"},{"taxonomy":"post_tag","embeddable":true,"href":"https:\/\/www.europesays.com\/fr\/wp-json\/wp\/v2\/tags?post=570990"}],"curies":[{"name":"wp","href":"https:\/\/api.w.org\/{rel}","templated":true}]}}