{"id":570994,"date":"2025-12-01T13:27:43","date_gmt":"2025-12-01T13:27:43","guid":{"rendered":"https:\/\/www.europesays.com\/fr\/570994\/"},"modified":"2025-12-01T13:27:43","modified_gmt":"2025-12-01T13:27:43","slug":"pres-de-rouen-le-conducteur-sans-permis-transportait-des-capsules-compromettantes","status":"publish","type":"post","link":"https:\/\/www.europesays.com\/fr\/570994\/","title":{"rendered":"Pr\u00e8s de Rouen, le conducteur sans permis transportait des capsules compromettantes"},"content":{"rendered":"<p>                    Par<br \/>\n        <strong><br \/>\n            <a href=\"https:\/\/actu.fr\/auteur\/julien-bouteiller\" title=\"Consulter tous les articles de Julien Bouteiller\" target=\"_blank\" rel=\"noopener\">Julien Bouteiller<\/a><br \/>\n                    <\/strong><\/p>\n<p>        Publi\u00e9 le<\/p>\n<p>            1 d\u00e9c. 2025 \u00e0 12h10        <\/p>\n<p>Il a voulu fuir la police, certainement <strong>car il avait des choses \u00e0 cacher<\/strong>. Un jeune de 18 ans a \u00e9t\u00e9 interpell\u00e9 \u00e0 <a href=\"https:\/\/actu.fr\/normandie\/saint-etienne-du-rouvray_76575\/il-fonce-sur-la-foule-lors-d-un-run-automobile-quatre-blesses-a-saint-etienne-du-rouvray_63511193.html\" target=\"_blank\" rel=\"noopener\">Saint-\u00c9tienne-du-Rouvray<\/a>, dans la soir\u00e9e du 29 novembre 2025, alors qu\u2019il conduisait <strong>sans permis et avec une petite cargaison compromettante<\/strong>.<\/p>\n<p>Il tente de fuir la police<\/p>\n<p class=\" wall-content\">Selon une source polici\u00e8re, vers 23h55, une patrouille rep\u00e8re un Sc\u00e9nic qui leur refuse la priorit\u00e9<strong> rue Victor-Dupuy<\/strong>. \u00ab\u00a0Il roule \u00e0 vive allure et multiplie les infractions au Code de la route.\u00a0\u00bb<\/p>\n<p class=\" wall-content\">Malgr\u00e9 les injonctions des policiers, il prend la fuite pour \u00e9chapper au contr\u00f4le. Il finit par <strong>abandonner sa voiture<\/strong> rue du Madrillet pour s\u2019\u00e9chapper \u00e0 pied. Il est tout de m\u00eame rattrap\u00e9 et interpell\u00e9 rue Paul-Verlaine.<\/p>\n<p>Des capsules compromettantes pour le chauffard<\/p>\n<p class=\" wall-content\">Premi\u00e8rement, le jeune homme n\u2019a pas le permis de conduire. Mais en plus, il transporte une sacoche contenant \u00ab\u00a0une dizaine de capsules de poudre blanche\u00a0\u00bb, qu\u2019il reconna\u00eet \u00eatre <strong>de la coca\u00efne<\/strong>, et plusieurs t\u00e9l\u00e9phones \u00ab\u00a0sonnant en continu\u00a0\u00bb. De quoi s\u2019interroger sur ses activit\u00e9s\u2026<\/p>\n<p class=\" wall-content\">Le jeune chauffard est plac\u00e9 en garde \u00e0 vue et une enqu\u00eate devra \u00e9tablir ce qu\u2019il faisait avec cette coca\u00efne.<\/p>\n<p>Vid\u00e9os : en ce moment sur ActuSuivez l\u2019actualit\u00e9 de Rouen <a href=\"https:\/\/www.whatsapp.com\/channel\/0029VaKfnf99hXF2ddApFB1D\" target=\"_blank\" rel=\"noopener\">sur notre cha\u00eene WhatsApp<\/a> et <a href=\"https:\/\/www.tiktok.com\/@76actu.fr?lang=fr\" target=\"_blank\" rel=\"noopener\">sur notre compte TikTok<\/a><\/p>\n<p class=\" wall-content\">Personnalisez votre actualit\u00e9 en ajoutant vos villes et m\u00e9dias en favori avec <a href=\"https:\/\/moncompte.actu.fr\" title=\"D\u00e9couvez Mon Actu\" rel=\"nofollow noopener\" data-trk=\"{&quot;cta&quot;:{&quot;action&quot;:&quot;https:\\\/\\\/moncompte.actu.fr&quot;,&quot;category&quot;:&quot;mon compte&quot;,&quot;from&quot;:&quot;article footer&quot;,&quot;name&quot;:&quot;Mon actu&quot;,&quot;type&quot;:&quot;cta&quot;}}\" target=\"_blank\">Mon Actu<\/a>.<\/p>\n<p>                    <script async src=\"\/\/www.tiktok.com\/embed.js\"><\/script><\/p>\n","protected":false},"excerpt":{"rendered":"Par Julien Bouteiller Publi\u00e9 le 1 d\u00e9c. 2025 \u00e0 12h10 Il a voulu fuir la police, certainement car&hellip;\n","protected":false},"author":2,"featured_media":570995,"comment_status":"","ping_status":"","sticky":false,"template":"","format":"standard","meta":{"footnotes":""},"categories":[9587],"tags":[1111,11,1052,1777,674,118,1011,27,813,12,5161,1072,25,9590],"class_list":{"0":"post-570994","1":"post","2":"type-post","3":"status-publish","4":"format-standard","5":"has-post-thumbnail","7":"category-rouen","8":"tag-actu","9":"tag-actualites","10":"tag-drogue","11":"tag-eu","12":"tag-europe","13":"tag-faits-divers","14":"tag-fr","15":"tag-france","16":"tag-narcotrafiquants","17":"tag-news","18":"tag-normandie","19":"tag-police","20":"tag-republique-francaise","21":"tag-rouen"},"share_on_mastodon":{"url":"https:\/\/pubeurope.com\/@fr\/115644547128615033","error":""},"_links":{"self":[{"href":"https:\/\/www.europesays.com\/fr\/wp-json\/wp\/v2\/posts\/570994","targetHints":{"allow":["GET"]}}],"collection":[{"href":"https:\/\/www.europesays.com\/fr\/wp-json\/wp\/v2\/posts"}],"about":[{"href":"https:\/\/www.europesays.com\/fr\/wp-json\/wp\/v2\/types\/post"}],"author":[{"embeddable":true,"href":"https:\/\/www.europesays.com\/fr\/wp-json\/wp\/v2\/users\/2"}],"replies":[{"embeddable":true,"href":"https:\/\/www.europesays.com\/fr\/wp-json\/wp\/v2\/comments?post=570994"}],"version-history":[{"count":0,"href":"https:\/\/www.europesays.com\/fr\/wp-json\/wp\/v2\/posts\/570994\/revisions"}],"wp:featuredmedia":[{"embeddable":true,"href":"https:\/\/www.europesays.com\/fr\/wp-json\/wp\/v2\/media\/570995"}],"wp:attachment":[{"href":"https:\/\/www.europesays.com\/fr\/wp-json\/wp\/v2\/media?parent=570994"}],"wp:term":[{"taxonomy":"category","embeddable":true,"href":"https:\/\/www.europesays.com\/fr\/wp-json\/wp\/v2\/categories?post=570994"},{"taxonomy":"post_tag","embeddable":true,"href":"https:\/\/www.europesays.com\/fr\/wp-json\/wp\/v2\/tags?post=570994"}],"curies":[{"name":"wp","href":"https:\/\/api.w.org\/{rel}","templated":true}]}}