{"id":570996,"date":"2025-12-01T13:28:47","date_gmt":"2025-12-01T13:28:47","guid":{"rendered":"https:\/\/www.europesays.com\/fr\/570996\/"},"modified":"2025-12-01T13:28:47","modified_gmt":"2025-12-01T13:28:47","slug":"les-bons-plans-max-radio-du-01-12-au-07-12","status":"publish","type":"post","link":"https:\/\/www.europesays.com\/fr\/570996\/","title":{"rendered":"Les Bons Plans Max Radio du 01\/12 au 07\/12"},"content":{"rendered":"<p>Chaque semaine, retrouvez les meilleurs bons plans de Grenoble et Chamb\u00e9ry ! <br \/>Que vous soyez \u00e0 la recherche d&rsquo;activit\u00e9s, de sorties, d&rsquo;\u00e9v\u00e9nements ou de bonnes adresses, nous vous partageons tout ce qu&rsquo;il ne faut pas manquer.<\/p>\n<p>Les Bons Plans \u00e0 Grenoble :<\/p>\n<p> <b>Rendez-vous : jusqu&rsquo;au 24 d\u00e9cembre, \u00e0 partir de 10h sur la Place Victor Hugo.<\/b><\/p>\n<p>L&rsquo;\u00e9v\u00e9nement incontournable que les petits et les grands attendent avec impatience est enfin de retour ! Plongez dans l&rsquo;ambiance douce et magique de No\u00ebl et profitez d&rsquo;un moment convivial et propice \u00e0 l&rsquo;achat de cadeaux originaux pour toute la famille.<\/p>\n<p><a class=\"url\" href=\"https:\/\/www.grenoble-tourisme.com\/fr\/decouvrir\/evenements\/agenda\/detail\/marche-de-noel-de-grenoble-258480\/\" target=\"_blank\" rel=\"noopener\">En savoir plus.<\/a><\/p>\n<tr>\n<td class=\"defaut\"><a href=\"https:\/\/www.radioscoop.com\/agenda\/javascript:void(0)\" onclick=\"parent.RS.diaporama.addMedia(717049) ;\" target=\"_blank\" rel=\"noopener\"><img loading=\"lazy\" decoding=\"async\" src=\"https:\/\/www.europesays.com\/fr\/wp-content\/uploads\/2025\/12\/img\" width=\"640\" height=\"427\" border=\"0\" title=\"gvjhvj\"\/><\/a><\/td>\n<\/tr>\n<p> <b>Rendez-vous : le 2 d\u00e9cembre, \u00e0 partir de 20h, \u00e0 la Rampe.<\/b><\/p>\n<p>Avec sa nouvelle cr\u00e9ation, la compagnie Solfasirc joue avec l&rsquo;impossible. Cirque, vid\u00e9o et musique live s&rsquo;entrelacent pour donner naissance \u00e0 un langage artistique in\u00e9dit, o\u00f9 la gravit\u00e9 semble suspendue, la science d\u00e9tourn\u00e9e.<\/p>\n<p>Et si changer notre regard suffisait \u00e0 redessiner les contours du possible ? Inspir\u00e9e du c\u00e9l\u00e8bre paradoxe g\u00e9om\u00e9trique consistant \u00e0 construire un carr\u00e9 de m\u00eame aire qu&rsquo;un cercle, La Quadrature du cercle explore l&rsquo;imbrication entre les lois physiques et l&rsquo;imaginaire artistique. De nouveaux agr\u00e8s, d\u00e9riv\u00e9s de la roue Cyr, ouvrent des perspectives chor\u00e9graphiques vertigineuses et lib\u00e8rent les corps dans un espace mouvant. Accompagn\u00e9s par la musique live de Claude Gomez, les acrobates se jouent des formes et des rep\u00e8res. G\u00e9n\u00e9r\u00e9e en direct par Nathan Belfer, la vid\u00e9o, projet\u00e9e au sol et en fond de sc\u00e8ne, cr\u00e9e une cartographie visuelle pr\u00e9cise et tranchante, en tension avec les agr\u00e8s tout en courbes. Le mapping devient cadre \u00e0 d\u00e9construire, fronti\u00e8re \u00e0 d\u00e9passer, grille \u00e0 r\u00e9inventer. Derri\u00e8re le d\u00e9fi physique, se cache une r\u00e9flexion plus profonde : comment ce qui semblait inimaginable devient possible ? Et si, plut\u00f4t que de rentrer dans les cases, on choisissait d&rsquo;en arrondir les angles ?<br \/>La Quadrature du cercle propose un voyage esth\u00e9tique et sensible dans un monde aux contours mouvants. Math\u00e9matiquement impossible, artistiquement accompli.<br \/>+ VIENS D\u00c9COUVRIR LE CYRCOLO\u00cfDE AVEC SOLFASIRC<br \/>MER. 03 D\u00c9C. \u00c0 14H30<br \/>Gratuit. Places limit\u00e9es. R\u00e9servation indispensable.<\/p>\n<p><a class=\"url\" href=\"https:\/\/www.grenoble-tourisme.com\/fr\/decouvrir\/evenements\/agenda\/detail\/la-quadrature-du-cercle-7413511\/\" target=\"_blank\" rel=\"noopener\">En savoir plus.<\/a><\/p>\n<tr>\n<td class=\"defaut\"><a href=\"https:\/\/www.radioscoop.com\/agenda\/javascript:void(0)\" onclick=\"parent.RS.diaporama.addMedia(717050) ;\" target=\"_blank\" rel=\"noopener\"><img loading=\"lazy\" decoding=\"async\" src=\"https:\/\/www.europesays.com\/fr\/wp-content\/uploads\/2025\/12\/1764595710_995_img\" width=\"640\" height=\"427\" border=\"0\" title=\"gch\"\/><\/a><\/td>\n<\/tr>\n<p> <b>Rendez-vous : le 3 d\u00e9cembre, de 20h \u00e0 21h30, au Trankilou.<\/b><\/p>\n<p>L&rsquo;association \u00ab Bars de rire \u00bb vous propose des plateaux de stand-up dans diff\u00e9rents bars de Grenoble.<\/p>\n<p>Un plateau de stand-up est un spectacle qui dure environ 1h o\u00f9 des humoristes vont se succ\u00e9der sur sc\u00e8ne et dont l&rsquo;unique objectif est de vous faire rigoler. Chacun ayant son propre univers, il y en a toujours pour tous les go\u00fbts. Si vous aimez rigoler, ces \u00e9v\u00e9nements sont faits pour vous !!!<\/p>\n<p><a class=\"url\" href=\"https:\/\/www.grenoble-tourisme.com\/fr\/decouvrir\/evenements\/agenda\/detail\/trankilou-comedy-club-7341884\/\" target=\"_blank\" rel=\"noopener\">Je prends ma place !<\/a><\/p>\n<tr>\n<td class=\"defaut\"><a href=\"https:\/\/www.radioscoop.com\/agenda\/javascript:void(0)\" onclick=\"parent.RS.diaporama.addMedia(717051) ;\" target=\"_blank\" rel=\"noopener\"><img loading=\"lazy\" decoding=\"async\" src=\"https:\/\/www.europesays.com\/fr\/wp-content\/uploads\/2025\/12\/1764595712_80_img\" width=\"640\" height=\"427\" border=\"0\" title=\"fcgj\"\/><\/a><\/td>\n<\/tr>\n<p> <b>Rendez-vous : le 3 d\u00e9cembre, de 14h \u00e0 15h, au Th\u00e9\u00e2tre en rond.<\/b><\/p>\n<p>\u00ab A la rescousse du P\u00e8re No\u00ebl \u00bb, com\u00e9die musicale pour enfant et toute la famille.<\/p>\n<p>Un spectacle f\u00e9\u00e9rique, r\u00e9unissant les h\u00e9ros pr\u00e9f\u00e9r\u00e9s des enfants dans une folle aventure interactive. <br \/>Chant, danse et com\u00e9die.<\/p>\n<p><a class=\"url\" href=\"https:\/\/www.grenoble-tourisme.com\/fr\/decouvrir\/evenements\/agenda\/detail\/a-la-rescousse-du-pere-noel-comedie-musicale-pour-enfant-7560860\/\" target=\"_blank\" rel=\"noopener\">Je prends ma place !<\/a><\/p>\n<tr>\n<td class=\"defaut\"><a href=\"https:\/\/www.radioscoop.com\/agenda\/javascript:void(0)\" onclick=\"parent.RS.diaporama.addMedia(717052) ;\" target=\"_blank\" rel=\"noopener\"><img loading=\"lazy\" decoding=\"async\" src=\"https:\/\/www.europesays.com\/fr\/wp-content\/uploads\/2025\/12\/1764595715_618_img\" width=\"459\" height=\"640\" border=\"0\" title=\"gchb\"\/><\/a><\/td>\n<\/tr>\n<p> <b>Rendez-vous : le 4 d\u00e9cembre, \u00e0 20h, au Palais des Sports.<\/b><\/p>\n<p>Apr\u00e8s le ph\u00e9nom\u00e9nal \u00ab\u00a0aim\u00e9e tour\u00a0\u00bb et son extraordinaire show ayant conquis plus de 600 000 spectateurs \u00e0 travers une cinquantaine de concerts complets en Z\u00e9niths et Arenas, Julien Dor\u00e9 annonce son grand retour sur sc\u00e8ne avec un tout nouveau spectacle !<\/p>\n<p><a class=\"url\" href=\"https:\/\/www.grenoble-tourisme.com\/fr\/decouvrir\/evenements\/agenda\/detail\/julien-dore-nouvelle-tournee-des-zeniths-7041678\/\" target=\"_blank\" rel=\"noopener\">Je prends ma place !<\/a><\/p>\n<tr>\n<td class=\"defaut\"><a href=\"https:\/\/www.radioscoop.com\/agenda\/javascript:void(0)\" onclick=\"parent.RS.diaporama.addMedia(717053) ;\" target=\"_blank\" rel=\"noopener\"><img loading=\"lazy\" decoding=\"async\" src=\"https:\/\/www.europesays.com\/fr\/wp-content\/uploads\/2025\/12\/1764595717_339_img\" width=\"427\" height=\"640\" border=\"0\" title=\"jhuj\"\/><\/a><\/td>\n<\/tr>\n<p> <b>Rendez-vous : le 5 d\u00e9cembre, de 17h45 \u00e0 19h15, d\u00e9part devant la MC2.<\/b><\/p>\n<p>Pour clore avec brio la campagne Cyclistes Brillez 2025, l&rsquo;ADTC organise la 3\u00e8me V\u00e9loparade des Lumi\u00e8res !<\/p>\n<p>Accueil devant la MC2 d\u00e8s 17h45 pour illuminer les v\u00e9los, trotinettes et autres fauteuils roulants.<br \/>Puis la parade s&rsquo;\u00e9lancera dans les rues de Grenoble \u00e0 18h15.<br \/>Une \u00e9tape devant les canards de la Caserne de Bonne (rv 18h20 pour un passage vers 18h30) permettra de rejoindre le cort\u00e8ge lumineux \u00e0 mi-parcours.<\/p>\n<p>Un passage par le jardin de ville est pr\u00e9vu pour ambiancer le festival des N\u00e9ons de Minuit !<br \/>Enfin, la Maison pour Tous Saint-Laurent accueilleratout le monde devant la Casemate place Saint-Laurent avec chocolat chaud et vin chaud \u00e0 l&rsquo;occasion de sa F\u00eate des Lumi\u00e8res (pr\u00e9voyez de la monnaie).<br \/>Sur un v\u00e9lo \u00e0 guirlande, une trottinette \u00e0 lampion, ou autre triporteur fluo, tout le monde est bienvenu pour faire scintiller les nuits d&rsquo;hiver !<\/p>\n<p><a class=\"url\" href=\"https:\/\/www.grenoble-tourisme.com\/fr\/decouvrir\/evenements\/agenda\/detail\/veloparade-des-lumieres-7597099\/\" target=\"_blank\" rel=\"noopener\">Je prends ma place !<\/a><\/p>\n<tr>\n<td class=\"defaut\"><a href=\"https:\/\/www.radioscoop.com\/agenda\/javascript:void(0)\" onclick=\"parent.RS.diaporama.addMedia(717054) ;\" target=\"_blank\" rel=\"noopener\"><img loading=\"lazy\" decoding=\"async\" src=\"https:\/\/www.europesays.com\/fr\/wp-content\/uploads\/2025\/12\/1764595720_664_img\" width=\"640\" height=\"640\" border=\"0\" title=\"yhjhi\"\/><\/a><\/td>\n<\/tr>\n<p> <b>Rendez-vous : le 5 d\u00e9cembre, \u00e0 20h, au Summum.<\/b><\/p>\n<p>NEJ&rsquo; d\u00e9voile son IRREEL TOUR et promet un show \u00e0 son image?: intense, envo\u00fbtant et inoubliable.<\/p>\n<p><a class=\"url\" href=\"https:\/\/www.grenoble-tourisme.com\/fr\/decouvrir\/evenements\/agenda\/detail\/nej-7381951\/\" target=\"_blank\" rel=\"noopener\">Je prends ma place !<\/a><\/p>\n<tr>\n<td class=\"defaut\"><a href=\"https:\/\/www.radioscoop.com\/agenda\/javascript:void(0)\" onclick=\"parent.RS.diaporama.addMedia(717056) ;\" target=\"_blank\" rel=\"noopener\"><img loading=\"lazy\" decoding=\"async\" src=\"https:\/\/www.europesays.com\/fr\/wp-content\/uploads\/2025\/12\/1764595722_262_img\" width=\"427\" height=\"640\" border=\"0\" title=\"cvkugg\"\/><\/a><\/td>\n<\/tr>\n<p> <b>Rendez-vous : le 6 d\u00e9cembre, de 10h30 \u00e0 12h, \u00e0 l&rsquo;Anneau de vitesse du parc Paul Mistral.<\/b><\/p>\n<p>Ensemble avan\u00e7ons pour le T\u00e9l\u00e9thon <br \/>Rejoignez-nous le samedi 6 d\u00e9cembre au parc Paul Mistral pour une course caritative inoubliable : les 5km du T\u00e9l\u00e9hton ! <br \/>Courons ensemble pour soutenir la lutte contre les maladies rares !<\/p>\n<p>Les 5km du T\u00e9l\u00e9thon de l&rsquo;OMS de Grenoble font leur grand retour le samedi 6 d\u00e9cembre dans le parc Paul Mistral.<\/p>\n<p>Pour sa 9e \u00e9dition, l&rsquo;Office Municipal des Sports de Grenoble, accompagn\u00e9 de ses associations sportives, invite le plus grand nombre \u00e0 se mobiliser pour le T\u00e9l\u00e9thon !<br \/>Venez marcher, courir ou rouler afin d&rsquo;apporter votre soutien aux personnes malades et leurs familles ! \u00c0 pieds, en v\u00e9lo, en monocycle, en draisiennes\u2026 tous les moyens de locomotion sont accept\u00e9s ! (Course sans chronom\u00e9trage)<\/p>\n<p><a class=\"url\" href=\"https:\/\/www.grenoble-tourisme.com\/fr\/decouvrir\/evenements\/agenda\/detail\/les-5km-du-telethon-de-l-oms-de-grenoble-7578994\/\" target=\"_blank\" rel=\"noopener\">Je prends ma place !<\/a><\/p>\n<tr>\n<td class=\"defaut\"><a href=\"https:\/\/www.radioscoop.com\/agenda\/javascript:void(0)\" onclick=\"parent.RS.diaporama.addMedia(717057) ;\" target=\"_blank\" rel=\"noopener\"><img loading=\"lazy\" decoding=\"async\" src=\"https:\/\/www.europesays.com\/fr\/wp-content\/uploads\/2025\/12\/1764595724_931_img\" width=\"640\" height=\"320\" border=\"0\" title=\"gchvkj\"\/><\/a><\/td>\n<\/tr>\n<p> <b>Rendez-vous : le 6 d\u00e9cembre, \u00e0 partir de 18h, \u00e0 la Locomotive.<\/b><\/p>\n<p>Faites un don et illuminez le ciel pour le T\u00e9l\u00e9thon !<br \/>Buvettes et petite restauration sur place- Stand vin chaud<\/p>\n<p><a class=\"url\" href=\"https:\/\/www.grenoble-tourisme.com\/fr\/decouvrir\/evenements\/agenda\/detail\/lacher-de-lanternes-chinoises_telethon-7584171\/\" target=\"_blank\" rel=\"noopener\">Je prends ma place !<\/a><\/p>\n<tr>\n<td class=\"defaut\"><a href=\"https:\/\/www.radioscoop.com\/agenda\/javascript:void(0)\" onclick=\"parent.RS.diaporama.addMedia(717063) ;\" target=\"_blank\" rel=\"noopener\"><img loading=\"lazy\" decoding=\"async\" src=\"https:\/\/www.europesays.com\/fr\/wp-content\/uploads\/2025\/12\/1764595727_121_img\" width=\"443\" height=\"640\" border=\"0\" title=\"gkcvh\"\/><\/a><\/td>\n<\/tr>\n<p><\/p>\n","protected":false},"excerpt":{"rendered":"Chaque semaine, retrouvez les meilleurs bons plans de Grenoble et Chamb\u00e9ry ! Que vous soyez \u00e0 la recherche&hellip;\n","protected":false},"author":2,"featured_media":570997,"comment_status":"","ping_status":"","sticky":false,"template":"","format":"standard","meta":{"footnotes":""},"categories":[9566],"tags":[1111,11,2430,677,12362,1777,674,1011,27,2731,12,7518,25],"class_list":{"0":"post-570996","1":"post","2":"type-post","3":"status-publish","4":"format-standard","5":"has-post-thumbnail","7":"category-grenoble","8":"tag-actu","9":"tag-actualites","10":"tag-auvergne-rhone-alpes","11":"tag-bons-plans","12":"tag-chambry","13":"tag-eu","14":"tag-europe","15":"tag-fr","16":"tag-france","17":"tag-grenoble","18":"tag-news","19":"tag-octobre","20":"tag-republique-francaise"},"share_on_mastodon":{"url":"https:\/\/pubeurope.com\/@fr\/115644556878653109","error":""},"_links":{"self":[{"href":"https:\/\/www.europesays.com\/fr\/wp-json\/wp\/v2\/posts\/570996","targetHints":{"allow":["GET"]}}],"collection":[{"href":"https:\/\/www.europesays.com\/fr\/wp-json\/wp\/v2\/posts"}],"about":[{"href":"https:\/\/www.europesays.com\/fr\/wp-json\/wp\/v2\/types\/post"}],"author":[{"embeddable":true,"href":"https:\/\/www.europesays.com\/fr\/wp-json\/wp\/v2\/users\/2"}],"replies":[{"embeddable":true,"href":"https:\/\/www.europesays.com\/fr\/wp-json\/wp\/v2\/comments?post=570996"}],"version-history":[{"count":0,"href":"https:\/\/www.europesays.com\/fr\/wp-json\/wp\/v2\/posts\/570996\/revisions"}],"wp:featuredmedia":[{"embeddable":true,"href":"https:\/\/www.europesays.com\/fr\/wp-json\/wp\/v2\/media\/570997"}],"wp:attachment":[{"href":"https:\/\/www.europesays.com\/fr\/wp-json\/wp\/v2\/media?parent=570996"}],"wp:term":[{"taxonomy":"category","embeddable":true,"href":"https:\/\/www.europesays.com\/fr\/wp-json\/wp\/v2\/categories?post=570996"},{"taxonomy":"post_tag","embeddable":true,"href":"https:\/\/www.europesays.com\/fr\/wp-json\/wp\/v2\/tags?post=570996"}],"curies":[{"name":"wp","href":"https:\/\/api.w.org\/{rel}","templated":true}]}}