{"id":571000,"date":"2025-12-01T13:32:29","date_gmt":"2025-12-01T13:32:29","guid":{"rendered":"https:\/\/www.europesays.com\/fr\/571000\/"},"modified":"2025-12-01T13:32:29","modified_gmt":"2025-12-01T13:32:29","slug":"il-etait-accroche-a-son-refrigerateur-en-panique-totale-ces-pompiers-rennais-decores","status":"publish","type":"post","link":"https:\/\/www.europesays.com\/fr\/571000\/","title":{"rendered":"\u00ab Il \u00e9tait accroch\u00e9 \u00e0 son r\u00e9frig\u00e9rateur, en panique totale \u00bb : ces pompiers rennais d\u00e9cor\u00e9s"},"content":{"rendered":"<tr wp_automatic_readability=\"6.8928571428571\">\n<td valign=\"middle\" align=\"center\" class=\"col-logo\" wp_automatic_readability=\"5\">\n    <img decoding=\"async\" src=\"https:\/\/maville.com\/design\/images\/logo-of-monetise.svg?version=20130627\" alt=\"logo Ouest-France\" height=\"66\"\/><\/p>\n<p>Contenu r\u00e9serv\u00e9 aux abonn\u00e9s<\/p>\n<\/td>\n<td class=\"col-titre\">\n\t\t\tDimanche 30 novembre 2025 15:29<br \/>\n\t\t\t<a class=\"icon-bulle sizeL count\" href=\"#ancreAvis\"><br \/>\n\t&#8230;<br \/>\n<\/a><\/td>\n<\/tr>\n<p>\t\t<a class=\"mavillebox2 elmt-photo\" href=\"https:\/\/maville.com\/photosmvi\/2025\/11\/30\/P35610919D7086547G.jpg\" title=\" L\u2019adjudant-chef Xavier Maz\u00e9, le caporal Lucas Herbel, le caporal Alexandre Pambouc, le caporal-chef Alexandre Le Squer et le caporal-chef Vincent Roze. Tous sont rattach\u00e9s \u00e0 la caserne du Blosne, \u00e0 Rennes. \u00a0  \u00a9  Ouest-France  \" rel=\"galerie_actu noopener\" target=\"_blank\"><br \/>\n\t<img decoding=\"async\" src=\"https:\/\/www.europesays.com\/fr\/wp-content\/uploads\/2025\/12\/P35610919D7086547G_crop_640-330_.jpg\" alt=\"photo  l\u2019adjudant-chef xavier maz\u00e9, le caporal lucas herbel, le caporal alexandre pambouc, le caporal-chef alexandre le squer et le caporal-chef vincent roze. tous sont rattach\u00e9s \u00e0 la caserne du blosne, \u00e0 rennes. \u00a0  \u00a9  ouest-france \"\/><br \/>\n\t4<br \/>\n<\/a><\/p>\n<p class=\"elmt-legende\"> L\u2019adjudant-chef Xavier Maz\u00e9, le caporal Lucas Herbel, le caporal Alexandre Pambouc, le caporal-chef Alexandre Le Squer et le caporal-chef Vincent Roze. Tous sont rattach\u00e9s \u00e0 la caserne du Blosne, \u00e0 Rennes. \u00a0  \u00a9  Ouest-France  <\/p>\n<p><a class=\"mavillebox2\" href=\"https:\/\/maville.com\/photosmvi\/2025\/11\/30\/P35610920D7086547G.jpg\" title=\"L\u2019appartement au premier \u00e9tage \u00e9tait compl\u00e8tement embras\u00e9. \u00a9  Ouest-France \" rel=\"galerie_actu noopener\" target=\"_blank\"><a class=\"mavillebox2\" href=\"https:\/\/maville.com\/photosmvi\/2025\/11\/30\/P35610921D7086547G.jpg\" title=\"Sept autres soldats du feu ont re\u00e7u la m\u00e9daille d\u2019honneur des sapeurs-pompiers, \u00e9chelon Or, lors de la c\u00e9r\u00e9monie de la Sainte-Barbe, samedi 29 novembre 2025. \u00a9  Ouest-France \" rel=\"galerie_actu noopener\" target=\"_blank\"><a class=\"mavillebox2\" href=\"https:\/\/maville.com\/photosmvi\/2025\/11\/30\/P35610922D7086547G.jpg\" title=\"Marie Mesmeur, d\u00e9put\u00e9e de la 1\u00e8re circonscription d\u2019Ille-et-Vilaine, Eric Candas, directeur d\u00e9partemental du SDIS d\u2019Ille-et-Vilaine, Jean-Luc Chenut, pr\u00e9sident du Conseil d\u00e9partemental, Gabriel Morin, sous-pr\u00e9fet de la pr\u00e9fecture de Bretagne, Nathalie App\u00e9r\u00e9, maire de Rennes et Micha\u00ebl Bouloux, d\u00e9put\u00e9 de la 8e circonscription d\u2019Ille-et-Vilaine. \u00a9  Ouest-France \" rel=\"galerie_actu noopener\" target=\"_blank\"><\/p>\n<p>\t\tLe 27 janvier 2025, un homme a \u00e9t\u00e9 sauv\u00e9 des flammes lors d\u2019un violent incendie d\u2019appartement, dans le quartier Sarah-Bernhard, \u00e0 Rennes. Les pompiers intervenus ce jour-l\u00e0 ont \u00e9t\u00e9 d\u00e9cor\u00e9s lors de la traditionnelle c\u00e9r\u00e9monie de la Sainte Barbe, samedi 29 novembre 2025.<\/p>\n<p><b>Cet article est r\u00e9serv\u00e9 aux abonn\u00e9s<\/b><\/p>\n<p>Pour un acc\u00e8s imm\u00e9diat, abonnez-vous<\/p>\n<p><b>1\u00e8re semaine offerte<\/b><\/p>\n<p>\t\t Julia TOUSSAINT. \u00a0\u00a0<br \/>\n\t\tOuest-France<\/p>\n<p>Retrouvez d&rsquo;autres actus sur la commune de :<\/p>\n<p>\t\t&#13;<\/p>\n","protected":false},"excerpt":{"rendered":"Contenu r\u00e9serv\u00e9 aux abonn\u00e9s Dimanche 30 novembre 2025 15:29 &#8230; 4 L\u2019adjudant-chef Xavier Maz\u00e9, le caporal Lucas Herbel,&hellip;\n","protected":false},"author":2,"featured_media":571001,"comment_status":"","ping_status":"","sticky":false,"template":"","format":"standard","meta":{"footnotes":""},"categories":[2821],"tags":[13372,1111,11,829,52759,1777,674,1011,27,12,11464,68612,1311,3086,13959,13658,584,25,14551,13226],"class_list":{"0":"post-571000","1":"post","2":"type-post","3":"status-publish","4":"format-standard","5":"has-post-thumbnail","7":"category-rennes","8":"tag-accroche","9":"tag-actu","10":"tag-actualites","11":"tag-bretagne","12":"tag-decores","13":"tag-eu","14":"tag-europe","15":"tag-fr","16":"tag-france","17":"tag-news","18":"tag-panique","19":"tag-perilleux","20":"tag-pompiers","21":"tag-redon","22":"tag-refrigerateur","23":"tag-rennais","24":"tag-rennes","25":"tag-republique-francaise","26":"tag-sauvetage","27":"tag-totale"},"share_on_mastodon":{"url":"https:\/\/pubeurope.com\/@fr\/115644567213342638","error":""},"_links":{"self":[{"href":"https:\/\/www.europesays.com\/fr\/wp-json\/wp\/v2\/posts\/571000","targetHints":{"allow":["GET"]}}],"collection":[{"href":"https:\/\/www.europesays.com\/fr\/wp-json\/wp\/v2\/posts"}],"about":[{"href":"https:\/\/www.europesays.com\/fr\/wp-json\/wp\/v2\/types\/post"}],"author":[{"embeddable":true,"href":"https:\/\/www.europesays.com\/fr\/wp-json\/wp\/v2\/users\/2"}],"replies":[{"embeddable":true,"href":"https:\/\/www.europesays.com\/fr\/wp-json\/wp\/v2\/comments?post=571000"}],"version-history":[{"count":0,"href":"https:\/\/www.europesays.com\/fr\/wp-json\/wp\/v2\/posts\/571000\/revisions"}],"wp:featuredmedia":[{"embeddable":true,"href":"https:\/\/www.europesays.com\/fr\/wp-json\/wp\/v2\/media\/571001"}],"wp:attachment":[{"href":"https:\/\/www.europesays.com\/fr\/wp-json\/wp\/v2\/media?parent=571000"}],"wp:term":[{"taxonomy":"category","embeddable":true,"href":"https:\/\/www.europesays.com\/fr\/wp-json\/wp\/v2\/categories?post=571000"},{"taxonomy":"post_tag","embeddable":true,"href":"https:\/\/www.europesays.com\/fr\/wp-json\/wp\/v2\/tags?post=571000"}],"curies":[{"name":"wp","href":"https:\/\/api.w.org\/{rel}","templated":true}]}}