{"id":571004,"date":"2025-12-01T13:34:13","date_gmt":"2025-12-01T13:34:13","guid":{"rendered":"https:\/\/www.europesays.com\/fr\/571004\/"},"modified":"2025-12-01T13:34:13","modified_gmt":"2025-12-01T13:34:13","slug":"eschau-dixieme-biennale-art-in-eschau-samedi-6-et-dimanche-7-decembre","status":"publish","type":"post","link":"https:\/\/www.europesays.com\/fr\/571004\/","title":{"rendered":"Eschau. Dixi\u00e8me biennale \u201cArt In Eschau\u201d, samedi\u00a06 et dimanche 7\u00a0d\u00e9cembre"},"content":{"rendered":"<p>La 10e \u00e9dition de \u201cArt in Eschau\u201d aura lieu ce week-end au centre Camille-Claus. Six artistes peintres amateurs bas-rhinois, Bernard Martinez (Erstein), Charles-Henri Colombert (Strasbourg), \u00c9mile Krieger (Erstein), Christiane Scheibel (Eschau), Catherine Thirion (Fegersheim) et Chantal Kessler (Illkirch-Graffenstaden) exposeront leurs \u0153uvres. R\u00e9alisme, expressionnisme, impressionnisme, symbolise \u2013 gouache ou aquarelle \u2013\u00a0: chaque artiste r\u00e9v\u00e8le sa propre sensibilit\u00e9 \u00e0 travers ses \u0153uvres.<\/p>\n<p class=\"note\">Exposition \u201cArt In Eschau\u201d 2025 au centre Camille-Claus, place des F\u00eates \u00e0 Eschau. Samedi 6\u00a0d\u00e9cembre de 14\u00a0h \u00e0 18\u00a0h (vernissage \u00e0 17\u00a0h) et dimanche 7\u00a0d\u00e9cembre de 10h \u00e0 17\u00a0h. Entr\u00e9e libre.<\/p>\n","protected":false},"excerpt":{"rendered":"La 10e \u00e9dition de \u201cArt in Eschau\u201d aura lieu ce week-end au centre Camille-Claus. Six artistes peintres amateurs&hellip;\n","protected":false},"author":2,"featured_media":571005,"comment_status":"","ping_status":"","sticky":false,"template":"","format":"standard","meta":{"footnotes":""},"categories":[2820],"tags":[1111,11,6211,1687,2880,4373,1777,674,2271,107,1011,27,775,12,5486,25,640,3089],"class_list":{"0":"post-571004","1":"post","2":"type-post","3":"status-publish","4":"format-standard","5":"has-post-thumbnail","7":"category-strasbourg","8":"tag-actu","9":"tag-actualites","10":"tag-conference","11":"tag-culture-loisirs","12":"tag-edition-strasbourg","13":"tag-eschau","14":"tag-eu","15":"tag-europe","16":"tag-exposition-arts-plastiques","17":"tag-fil-info","18":"tag-fr","19":"tag-france","20":"tag-grand-est","21":"tag-news","22":"tag-rencontre","23":"tag-republique-francaise","24":"tag-strasbourg","25":"tag-strasbourg-sud"},"share_on_mastodon":{"url":"https:\/\/pubeurope.com\/@fr\/115644574289178822","error":""},"_links":{"self":[{"href":"https:\/\/www.europesays.com\/fr\/wp-json\/wp\/v2\/posts\/571004","targetHints":{"allow":["GET"]}}],"collection":[{"href":"https:\/\/www.europesays.com\/fr\/wp-json\/wp\/v2\/posts"}],"about":[{"href":"https:\/\/www.europesays.com\/fr\/wp-json\/wp\/v2\/types\/post"}],"author":[{"embeddable":true,"href":"https:\/\/www.europesays.com\/fr\/wp-json\/wp\/v2\/users\/2"}],"replies":[{"embeddable":true,"href":"https:\/\/www.europesays.com\/fr\/wp-json\/wp\/v2\/comments?post=571004"}],"version-history":[{"count":0,"href":"https:\/\/www.europesays.com\/fr\/wp-json\/wp\/v2\/posts\/571004\/revisions"}],"wp:featuredmedia":[{"embeddable":true,"href":"https:\/\/www.europesays.com\/fr\/wp-json\/wp\/v2\/media\/571005"}],"wp:attachment":[{"href":"https:\/\/www.europesays.com\/fr\/wp-json\/wp\/v2\/media?parent=571004"}],"wp:term":[{"taxonomy":"category","embeddable":true,"href":"https:\/\/www.europesays.com\/fr\/wp-json\/wp\/v2\/categories?post=571004"},{"taxonomy":"post_tag","embeddable":true,"href":"https:\/\/www.europesays.com\/fr\/wp-json\/wp\/v2\/tags?post=571004"}],"curies":[{"name":"wp","href":"https:\/\/api.w.org\/{rel}","templated":true}]}}