{"id":571006,"date":"2025-12-01T13:35:20","date_gmt":"2025-12-01T13:35:20","guid":{"rendered":"https:\/\/www.europesays.com\/fr\/571006\/"},"modified":"2025-12-01T13:35:20","modified_gmt":"2025-12-01T13:35:20","slug":"strasbourg-rosenior-assume-ses-choix-forts-football","status":"publish","type":"post","link":"https:\/\/www.europesays.com\/fr\/571006\/","title":{"rendered":"Strasbourg : Rosenior assume ses choix forts &#8211; Football"},"content":{"rendered":"<p>afficher la suite &#8230;<\/p>\n<p class=\"par1\">Liam Rosenior hausse le ton avec les joueurs qui ne donnent pas satisfaction. \u00c0 l\u2019image de l\u2019ailier Martial Godo (22 ans, 9 apparitions et 2 buts en L1 cette saison), entr\u00e9 \u00e0 l\u2019heure de jeu lors de la d\u00e9faite du Racing Club de Strasbourg contre Brest (1-2) dimanche, avant de sortir \u00e0 la 84e minute. Un choix fort &#8211; pas le premier &#8211; assum\u00e9 par le technicien anglais.<\/p>\n<p>\u00ab\u00a0Ma responsabilit\u00e9, c\u2019est de prendre les meilleurs choix \u00e0 l\u2019instant T des matchs. \u00c0 ce moment-l\u00e0, je pensais qu\u2019on serait plus forts avec deux points et deux meneurs, et c\u2019est pour cela que j\u2019ai fait entr\u00e9 Sebastian Nanasi. (\u2026) Il faut payer les cons\u00e9quences de ses actes. C\u2019est peut-\u00eatre un bon moyen pour s\u2019am\u00e9liorer. Il faut arr\u00eater les excuses, dire qu\u2019on est jeunes et qu\u2019on apprend : il faut gagner et c\u2019est tout. Ce soir, c\u2019est inacceptable\u00a0\u00bb, a r\u00e9agi l&rsquo;ancien entra\u00eeneur d&rsquo;Hull City en conf\u00e9rence de presse d&rsquo;apr\u00e8s-match.<b>Lu 3.163 fois<\/b> &#8211;  Gilles Campos &#8211; 01\/12\/25 \u00e0 12h58 <a target=\"_blank\" rel=\"nofollow noopener\" class=\"impr\" href=\"https:\/\/news.maxifoot.fr\/445627\/imprime.php\" title=\"Imprimer cette breve\">\u00a0<\/a><br class=\"aut1\"\/><\/p>\n","protected":false},"excerpt":{"rendered":"afficher la suite &#8230; Liam Rosenior hausse le ton avec les joueurs qui ne donnent pas satisfaction. \u00c0&hellip;\n","protected":false},"author":2,"featured_media":571007,"comment_status":"","ping_status":"","sticky":false,"template":"","format":"standard","meta":{"footnotes":""},"categories":[2820],"tags":[1111,11,1777,674,1011,27,775,12,25,640],"class_list":{"0":"post-571006","1":"post","2":"type-post","3":"status-publish","4":"format-standard","5":"has-post-thumbnail","7":"category-strasbourg","8":"tag-actu","9":"tag-actualites","10":"tag-eu","11":"tag-europe","12":"tag-fr","13":"tag-france","14":"tag-grand-est","15":"tag-news","16":"tag-republique-francaise","17":"tag-strasbourg"},"share_on_mastodon":{"url":"https:\/\/pubeurope.com\/@fr\/115644578238812474","error":""},"_links":{"self":[{"href":"https:\/\/www.europesays.com\/fr\/wp-json\/wp\/v2\/posts\/571006","targetHints":{"allow":["GET"]}}],"collection":[{"href":"https:\/\/www.europesays.com\/fr\/wp-json\/wp\/v2\/posts"}],"about":[{"href":"https:\/\/www.europesays.com\/fr\/wp-json\/wp\/v2\/types\/post"}],"author":[{"embeddable":true,"href":"https:\/\/www.europesays.com\/fr\/wp-json\/wp\/v2\/users\/2"}],"replies":[{"embeddable":true,"href":"https:\/\/www.europesays.com\/fr\/wp-json\/wp\/v2\/comments?post=571006"}],"version-history":[{"count":0,"href":"https:\/\/www.europesays.com\/fr\/wp-json\/wp\/v2\/posts\/571006\/revisions"}],"wp:featuredmedia":[{"embeddable":true,"href":"https:\/\/www.europesays.com\/fr\/wp-json\/wp\/v2\/media\/571007"}],"wp:attachment":[{"href":"https:\/\/www.europesays.com\/fr\/wp-json\/wp\/v2\/media?parent=571006"}],"wp:term":[{"taxonomy":"category","embeddable":true,"href":"https:\/\/www.europesays.com\/fr\/wp-json\/wp\/v2\/categories?post=571006"},{"taxonomy":"post_tag","embeddable":true,"href":"https:\/\/www.europesays.com\/fr\/wp-json\/wp\/v2\/tags?post=571006"}],"curies":[{"name":"wp","href":"https:\/\/api.w.org\/{rel}","templated":true}]}}