{"id":571008,"date":"2025-12-01T13:36:22","date_gmt":"2025-12-01T13:36:22","guid":{"rendered":"https:\/\/www.europesays.com\/fr\/571008\/"},"modified":"2025-12-01T13:36:22","modified_gmt":"2025-12-01T13:36:22","slug":"municipales-2026-signature-a-nice-dune-charte-de-respect-entre","status":"publish","type":"post","link":"https:\/\/www.europesays.com\/fr\/571008\/","title":{"rendered":"Municipales 2026 : Signature \u00e0 Nice d\u2019une charte de respect entre (\u2026)"},"content":{"rendered":"<p>                    <img loading=\"lazy\" decoding=\"async\" src=\"https:\/\/www.europesays.com\/fr\/wp-content\/uploads\/2025\/12\/fcf3b95892994d54aafbdc483e8ad0.jpg\" class=\"img-responsive post-image\" width=\"680\" height=\"510\" alt=\"Municipales 2026 : Signat\" title=\"Municipales 2026 : Signature \u00e0 Nice d'une charte de respect entre journalistes et candidats\"\/><\/p>\n<p class=\"chapo\">\u00c0 un peu plus de 100 jours du premier tour des \u00e9lections municipales (dimanche 15 mars 2026\u00a0; second tour le 22 mars), le club de la presse M\u00e9diterran\u00e9e 06, a pr\u00e9sent\u00e9 lundi 1er d\u00e9cembre \u00e0 Nice une charte \u00ab\u00a0de respect mutuel\u00a0\u00bb \u00e0 destination des journalistes, des candidats et de leurs \u00e9quipes de campagne. Les journalistes et candidats ont \u00e9t\u00e9 nombreux \u00e0 r\u00e9pondre favorablement \u00e0 l\u2019initiative du club de la presse, qui a presque d\u00e9j\u00e0 fait le plein de signatures. Charge \u00e0 tous les signataires de respecter leur engagement dans les semaines \u00e0 venir.<\/p>\n<p>\u00ab\u00a0Les p\u00e9riodes \u00e9lectorales sont un moment souvent assez tendu, notamment pour les candidats qui jouent leur \u00e9lection au conseil municipal. Nice ne fait pas exception \u00e0 la r\u00e8gle\u00a0\u00bb, a relev\u00e9 <strong>Vincent-Xavier Morvan,<\/strong> pr\u00e9sident du club de la presse M\u00e9diterran\u00e9e 06 et qui travaille pour l\u2019Agence France-Presse, Les \u00c9chos et Le Figaro.<\/p>\n<p>\t\t<img loading=\"lazy\" decoding=\"async\" src=\"https:\/\/www.europesays.com\/fr\/wp-content\/uploads\/2025\/12\/article_rectangle_-6.png\" width=\"375\" height=\"463\" alt=\"\"\/><\/p>\n<p>\u00c0 droite Vincent-Xavier Morvan, pr\u00e9sident du club de la presse M\u00e9diterran\u00e9e 06 \u00a9SG\n<\/p>\n<p>\u00ab\u00a0Pour nous journalistes, la difficult\u00e9 est de respecter l\u2019\u00e9quit\u00e9. C\u2019est souvent un reproche que nous font les candidats, de se sentir d\u00e9favoris\u00e9s, parfois \u00e0 juste titre. \u00c0 l\u2019inverse, les candidats peuvent aussi parfois \u00eatre tent\u00e9s de pr\u00e9senter aux journalistes, dans le feu de l\u2019action, des informations biais\u00e9es, notamment sur les statistiques s\u00e9curitaires ou les bilans de gestion financi\u00e8re\u00a0\u00a0\u00bb, a-t-il d\u00e9velopp\u00e9, assurant que le but de cette initiative et de \u00ab\u00a0favoriser un choix \u00e9clair\u00e9 des \u00e9lecteurs\u00a0\u00bb. Parmi les engagements des journalistes\u00a0: celui \u00e9videmment de v\u00e9rifier toute information avant publication et de \u00ab\u00a0rectifier rapidement toute erreur av\u00e9r\u00e9e\u00a0\u00a0\u00bb. Et pour les candidats et leurs \u00e9quipes\u00a0: \u00ab\u00a0faciliter la prise de contact, se garder de tout ostracisme \u00e0 l\u2019\u00e9gard d\u2019un journaliste ou titre de presse\u00a0\u00bb et \u00ab\u00a0communiquer des informations exactes\u00a0\u00bb.<\/p>\n<p>Bient\u00f4t dans d\u2019autres villes\u00a0?<\/p>\n<p>\u00ab\u00a0Cette charte est venue au d\u00e9part d\u2019\u00e9changes avec des confr\u00e8res lors des derni\u00e8res campagnes aux \u00e9lections\u00a0\u00bb, a compl\u00e9t\u00e9<strong> St\u00e8velan Chaizy-Gostovitch,<\/strong> r\u00e9dacteur en chef de RCF Nice C\u00f4te d\u2019Azur et membre du conseil d\u2019administration du club de la presse, reconnaissant que \u00ab\u00a0des moments tendus\u00a0\u00bb ont pu se produire par le pass\u00e9. \u00ab\u00a0\u00c0 notre connaissance, c\u2019est une premi\u00e8re en France\u00a0\u00bb, a-t-il confi\u00e9 au sujet de cette charte de bonne conduite, ajoutant qu\u2019elle pouvait tout \u00e0 fait \u00eatre \u00e9tendue \u00e0 d\u2019autres villes du d\u00e9partement o\u00f9 les \u00e9lections s\u2019annoncent disput\u00e9es, \u00e0 Menton ou \u00e0 Cagnes-sur-Mer par exemple. \u00ab\u00a0\u00a0Tout d\u00e9pend de la demande des journalistes locaux. On peut la dupliquer ais\u00e9ment, il suffit de contacter le club de la presse\u00a0\u00a0\u00bb.<\/p>\n<p>Les premiers signataires<\/p>\n<p>Ont d\u00e9j\u00e0 sign\u00e9 la charte pour les municipales \u00e0 Nice une dizaine de journalistes et huit listes, candidats ou repr\u00e9sentants\u00a0: <strong>\u00c9ric Ciotti<\/strong> (UDR)\u00a0;<strong> Anthony Borr\u00e9<\/strong>, 1er adjoint au maire de Nice, en son nom propre et qui a fait savoir que <strong>Christian Estrosi<\/strong> la signerait rapidement  (liste \u00ab\u00a0Tous pour Nice\u00a0\u00bb)\u00a0; l\u2019avocate <strong>Mireille Damiano <\/strong> pour la liste \u00ab\u00a0Nice\u00a0! Front populaire\u00a0\u00bb (France Insoumise, collectif Viva et association Tous Citoyens)\u00a0;<strong> Juliette Chesnel-Le Roux <\/strong> de la liste \u00ab\u00a0Unis pour Nice\u00a0\u00bb (\u00c9cologistes, socialistes et communistes)\u00a0; l\u2019\u00e9cologiste <strong>H\u00e9l\u00e8ne Granouillac<\/strong> (\u00ab\u00a0Vivre Nice\u00a0\u00bb)\u00a0; <strong>Jean-Marc Governatori<\/strong>, de l\u2019\u00c9cologie au centre, <strong>C\u00e9dric Vella<\/strong> pour Reconqu\u00eate, ainsi que l<strong>\u2019association AC\u00a0!<\/strong> (Assembl\u00e9es citoyennes) Nice.<\/p>\n","protected":false},"excerpt":{"rendered":"\u00c0 un peu plus de 100 jours du premier tour des \u00e9lections municipales (dimanche 15 mars 2026\u00a0; second&hellip;\n","protected":false},"author":2,"featured_media":571009,"comment_status":"","ping_status":"","sticky":false,"template":"","format":"standard","meta":{"footnotes":""},"categories":[2819],"tags":[1111,11,2408,1777,674,1011,27,12,2401,882,25],"class_list":{"0":"post-571008","1":"post","2":"type-post","3":"status-publish","4":"format-standard","5":"has-post-thumbnail","7":"category-nice","8":"tag-actu","9":"tag-actualites","10":"tag-appels-d","11":"tag-eu","12":"tag-europe","13":"tag-fr","14":"tag-france","15":"tag-news","16":"tag-nice","17":"tag-provence-alpes-cote-dazur","18":"tag-republique-francaise"},"share_on_mastodon":{"url":"https:\/\/pubeurope.com\/@fr\/115644583296840989","error":""},"_links":{"self":[{"href":"https:\/\/www.europesays.com\/fr\/wp-json\/wp\/v2\/posts\/571008","targetHints":{"allow":["GET"]}}],"collection":[{"href":"https:\/\/www.europesays.com\/fr\/wp-json\/wp\/v2\/posts"}],"about":[{"href":"https:\/\/www.europesays.com\/fr\/wp-json\/wp\/v2\/types\/post"}],"author":[{"embeddable":true,"href":"https:\/\/www.europesays.com\/fr\/wp-json\/wp\/v2\/users\/2"}],"replies":[{"embeddable":true,"href":"https:\/\/www.europesays.com\/fr\/wp-json\/wp\/v2\/comments?post=571008"}],"version-history":[{"count":0,"href":"https:\/\/www.europesays.com\/fr\/wp-json\/wp\/v2\/posts\/571008\/revisions"}],"wp:featuredmedia":[{"embeddable":true,"href":"https:\/\/www.europesays.com\/fr\/wp-json\/wp\/v2\/media\/571009"}],"wp:attachment":[{"href":"https:\/\/www.europesays.com\/fr\/wp-json\/wp\/v2\/media?parent=571008"}],"wp:term":[{"taxonomy":"category","embeddable":true,"href":"https:\/\/www.europesays.com\/fr\/wp-json\/wp\/v2\/categories?post=571008"},{"taxonomy":"post_tag","embeddable":true,"href":"https:\/\/www.europesays.com\/fr\/wp-json\/wp\/v2\/tags?post=571008"}],"curies":[{"name":"wp","href":"https:\/\/api.w.org\/{rel}","templated":true}]}}