{"id":571014,"date":"2025-12-01T13:39:12","date_gmt":"2025-12-01T13:39:12","guid":{"rendered":"https:\/\/www.europesays.com\/fr\/571014\/"},"modified":"2025-12-01T13:39:12","modified_gmt":"2025-12-01T13:39:12","slug":"un-equipage-de-police-vise-par-des-tirs-de-mortier-en-plein-centre-ville","status":"publish","type":"post","link":"https:\/\/www.europesays.com\/fr\/571014\/","title":{"rendered":"un \u00e9quipage de police vis\u00e9 par des tirs de mortier en plein centre-ville"},"content":{"rendered":"<p>\n    L\u2019incident, qui s\u2019est d\u00e9roul\u00e9 dans la nuit de samedi \u00e0 dimanche, n\u2019a fait aucun bless\u00e9. Aucune personne n\u2019a \u00e9t\u00e9 interpell\u00e9e pour le moment.<\/p>\n<p class=\"fig-paragraph\">Week-end agit\u00e9 pour la police nantaise. Une patrouille sollicit\u00e9e dans l\u2019hypercentre\u00a0<a href=\"https:\/\/www.lefigaro.fr\/nantes\" target=\"_blank\" data-fig-type=\"Section\" rel=\"sponsored noopener\" data-gtm-custom-categorie=\"navigation\" data-gtm-custom-action=\"crossclick\" data-gtm-custom-label=\"Contextuel\" data-gtm-event=\"customEventSPE\" data-fig-domain=\"LEFIGARO\">de la Cit\u00e9 des ducs<\/a>, apr\u00e8s des feux d\u2019artifice, a \u00e9t\u00e9 prise pour cible par un groupe d\u2019individus masqu\u00e9s dans la nuit du samedi 29 au dimanche 30 novembre. L\u2019incident s\u2019est d\u00e9roul\u00e9 aux alentours de minuit, devant un bar populaire de la rue de Strasbourg. Un groupe d\u2019individus &#8211; voyant approcher les forces de l\u2019ordre &#8211; ont tir\u00e9, \u00e0 l\u2019horizontale,\u00a0<a href=\"http:\/\/www.lefigaro.fr\/vox\/societe\/jerome-fourquet-les-mortiers-d-artifice-l-arme-signature-d-une-guerilla-urbaine-a-la-francaise-20250726\" target=\"_blank\" data-fig-type=\"Article\" rel=\"noopener\" data-gtm-custom-categorie=\"navigation\" data-gtm-custom-action=\"crossclick\" data-gtm-custom-label=\"Contextuel\" data-gtm-event=\"customEventSPE\" data-fig-domain=\"LEFIGARO\">des mortiers d\u2019artifice<\/a>\u00a0avant de projeter \u00e9galement quelques bouteilles en direction des policiers.<\/p>\n<p>                                            Aucun bless\u00e9<\/p>\n<p class=\"fig-paragraph\">L\u2019\u00e9chauffour\u00e9e n\u2019a fait aucun bless\u00e9. Le v\u00e9hicule de fonction de la patrouille a cependant \u00e9t\u00e9 l\u00e9g\u00e8rement d\u00e9grad\u00e9, confirme une source polici\u00e8re. Une enqu\u00eate a \u00e9t\u00e9 ouverte.<\/p>\n<p>                                            <a class=\"fig-a11y-skip\" href=\"#fig-a11y-skip-main-inarticle\" data-module=\"a11y-skip\" data-context=\"was @visible\"><br \/>\n    Passer la publicit\u00e9<br \/>\n<\/a>            <\/p>\n<p class=\"fig-paragraph\">Dimanche, un second incident, li\u00e9 \u00e0 une op\u00e9ration de police contre un rod\u00e9o urbain,\u00a0<a href=\"http:\/\/www.lefigaro.fr\/nantes\/rodeos-urbains-a-nantes-menace-un-crs-contraint-de-faire-usage-de-son-arme-20251201\" target=\"_blank\" data-fig-type=\"NewsFlash\" rel=\"noopener\" data-gtm-custom-categorie=\"navigation\" data-gtm-custom-action=\"crossclick\" data-gtm-custom-label=\"Contextuel\" data-gtm-event=\"customEventSPE\" data-fig-domain=\"LEFIGARO\">a contraint un CRS \u00e0 faire usage de son arme<\/a>\u00a0de fonction, lorsqu\u2019un deux-roues a cherch\u00e9 \u00e0 lui foncer dessus. Aucun bless\u00e9 n\u2019\u00e9tait non plus \u00e0 signaler au terme du face-\u00e0-face, qui s\u2019est achev\u00e9 par la fuite du suspect \u00e0 moto.<\/p>\n","protected":false},"excerpt":{"rendered":"L\u2019incident, qui s\u2019est d\u00e9roul\u00e9 dans la nuit de samedi \u00e0 dimanche, n\u2019a fait aucun bless\u00e9. Aucune personne n\u2019a&hellip;\n","protected":false},"author":2,"featured_media":571015,"comment_status":"","ping_status":"","sticky":false,"template":"","format":"standard","meta":{"footnotes":""},"categories":[2818],"tags":[1111,11,1777,674,1011,27,766,12,2636,25,28063],"class_list":{"0":"post-571014","1":"post","2":"type-post","3":"status-publish","4":"format-standard","5":"has-post-thumbnail","7":"category-nantes","8":"tag-actu","9":"tag-actualites","10":"tag-eu","11":"tag-europe","12":"tag-fr","13":"tag-france","14":"tag-nantes","15":"tag-news","16":"tag-pays-de-la-loire","17":"tag-republique-francaise","18":"tag-tirs-de-mortier"},"share_on_mastodon":{"url":"https:\/\/pubeurope.com\/@fr\/115644593868444777","error":""},"_links":{"self":[{"href":"https:\/\/www.europesays.com\/fr\/wp-json\/wp\/v2\/posts\/571014","targetHints":{"allow":["GET"]}}],"collection":[{"href":"https:\/\/www.europesays.com\/fr\/wp-json\/wp\/v2\/posts"}],"about":[{"href":"https:\/\/www.europesays.com\/fr\/wp-json\/wp\/v2\/types\/post"}],"author":[{"embeddable":true,"href":"https:\/\/www.europesays.com\/fr\/wp-json\/wp\/v2\/users\/2"}],"replies":[{"embeddable":true,"href":"https:\/\/www.europesays.com\/fr\/wp-json\/wp\/v2\/comments?post=571014"}],"version-history":[{"count":0,"href":"https:\/\/www.europesays.com\/fr\/wp-json\/wp\/v2\/posts\/571014\/revisions"}],"wp:featuredmedia":[{"embeddable":true,"href":"https:\/\/www.europesays.com\/fr\/wp-json\/wp\/v2\/media\/571015"}],"wp:attachment":[{"href":"https:\/\/www.europesays.com\/fr\/wp-json\/wp\/v2\/media?parent=571014"}],"wp:term":[{"taxonomy":"category","embeddable":true,"href":"https:\/\/www.europesays.com\/fr\/wp-json\/wp\/v2\/categories?post=571014"},{"taxonomy":"post_tag","embeddable":true,"href":"https:\/\/www.europesays.com\/fr\/wp-json\/wp\/v2\/tags?post=571014"}],"curies":[{"name":"wp","href":"https:\/\/api.w.org\/{rel}","templated":true}]}}