{"id":571018,"date":"2025-12-01T13:41:11","date_gmt":"2025-12-01T13:41:11","guid":{"rendered":"https:\/\/www.europesays.com\/fr\/571018\/"},"modified":"2025-12-01T13:41:11","modified_gmt":"2025-12-01T13:41:11","slug":"kevin-desmond-rehabilite-la-memoire-de-gustave-pierre-trouve","status":"publish","type":"post","link":"https:\/\/www.europesays.com\/fr\/571018\/","title":{"rendered":"Kevin Desmond r\u00e9habilite la m\u00e9moire de Gustave Pierre Trouv\u00e9"},"content":{"rendered":"<p>Ce samedi apr\u00e8s-midi, dans la salle polyvalente de Lignan-de-Bordeaux, devant un parterre d\u2019une trentaine de personnes, Kevin Desmond a d\u00e9roul\u00e9 \u00ab\u00a0la qu\u00eate d\u2019un g\u00e9nie fran\u00e7ais oubli\u00e9\u00a0\u00bb, \u00e0 partir d\u2019un diaporama ponctu\u00e9 d\u2019effets sonores. Ce qu\u2019on lui doit aujourd\u2019hui, en termes d\u2019innovations et d\u2019inventions est tout bonnement remarquable\u00a0: gilet de sauvetage, presse-papiers, fusil, gyroscope, tricycle, tous \u00e9lectriques, fraise dentaire, \u00e9clairage \u00e0 ac\u00e9tyl\u00e8ne, dynamom\u00e8tre universel. Dommage que sa post\u00e9rit\u00e9 soit inversement proportionnelle \u00e0 son talent de d\u00e9fricheur.<\/p>\n","protected":false},"excerpt":{"rendered":"Ce samedi apr\u00e8s-midi, dans la salle polyvalente de Lignan-de-Bordeaux, devant un parterre d\u2019une trentaine de personnes, Kevin Desmond&hellip;\n","protected":false},"author":2,"featured_media":571019,"comment_status":"","ping_status":"","sticky":false,"template":"","format":"standard","meta":{"footnotes":""},"categories":[2817],"tags":[1111,11,1997,1777,674,1011,27,12,2219,25],"class_list":{"0":"post-571018","1":"post","2":"type-post","3":"status-publish","4":"format-standard","5":"has-post-thumbnail","7":"category-bordeaux","8":"tag-actu","9":"tag-actualites","10":"tag-bordeaux","11":"tag-eu","12":"tag-europe","13":"tag-fr","14":"tag-france","15":"tag-news","16":"tag-nouvelle-aquitaine","17":"tag-republique-francaise"},"share_on_mastodon":{"url":"https:\/\/pubeurope.com\/@fr\/115644601827753021","error":""},"_links":{"self":[{"href":"https:\/\/www.europesays.com\/fr\/wp-json\/wp\/v2\/posts\/571018","targetHints":{"allow":["GET"]}}],"collection":[{"href":"https:\/\/www.europesays.com\/fr\/wp-json\/wp\/v2\/posts"}],"about":[{"href":"https:\/\/www.europesays.com\/fr\/wp-json\/wp\/v2\/types\/post"}],"author":[{"embeddable":true,"href":"https:\/\/www.europesays.com\/fr\/wp-json\/wp\/v2\/users\/2"}],"replies":[{"embeddable":true,"href":"https:\/\/www.europesays.com\/fr\/wp-json\/wp\/v2\/comments?post=571018"}],"version-history":[{"count":0,"href":"https:\/\/www.europesays.com\/fr\/wp-json\/wp\/v2\/posts\/571018\/revisions"}],"wp:featuredmedia":[{"embeddable":true,"href":"https:\/\/www.europesays.com\/fr\/wp-json\/wp\/v2\/media\/571019"}],"wp:attachment":[{"href":"https:\/\/www.europesays.com\/fr\/wp-json\/wp\/v2\/media?parent=571018"}],"wp:term":[{"taxonomy":"category","embeddable":true,"href":"https:\/\/www.europesays.com\/fr\/wp-json\/wp\/v2\/categories?post=571018"},{"taxonomy":"post_tag","embeddable":true,"href":"https:\/\/www.europesays.com\/fr\/wp-json\/wp\/v2\/tags?post=571018"}],"curies":[{"name":"wp","href":"https:\/\/api.w.org\/{rel}","templated":true}]}}