{"id":571026,"date":"2025-12-01T13:46:26","date_gmt":"2025-12-01T13:46:26","guid":{"rendered":"https:\/\/www.europesays.com\/fr\/571026\/"},"modified":"2025-12-01T13:46:26","modified_gmt":"2025-12-01T13:46:26","slug":"young-boys-berne-lille-pourquoi-le-match-de-ligue-europa-ne-sera-pas-diffuse-a-la-tele-en-france","status":"publish","type":"post","link":"https:\/\/www.europesays.com\/fr\/571026\/","title":{"rendered":"Young Boys Berne &#8211; Lille\u00a0: pourquoi le match de Ligue Europa ne sera pas diffus\u00e9 \u00e0 la t\u00e9l\u00e9 en France ?"},"content":{"rendered":"<p class=\"paragraph text_align_left lp-f-body-02\">Si vous \u00eates fans des Dogues, ce qui suit devrait vous attrister. Alors que le match de <a href=\"https:\/\/www.leparisien.fr\/sports\/football\/\" target=\"_blank\" rel=\"noreferrer noopener\">football <\/a>entre les Young Boys de Berne et Lille <a href=\"https:\/\/www.leparisien.fr\/sports\/football\/lol-en-tete-de-ligue-europa-strasbourg-dauphin-en-ligue-conference-un-carton-pour-lille-les-clubs-francais-a-la-fete-27-11-2025-4SJKPQGPIFHYXAN67KDEEND2KM.php\" target=\"_blank\" rel=\"noreferrer noopener\">en Ligue Europa<\/a> devait \u00eatre diffus\u00e9 le jeudi 11 d\u00e9cembre \u00e0 18h45 sur Canal +, ce ne sera finalement pas le cas. La faute au sponsor maillot du club suisse, \u00ab Plus 500 \u00bb, comme l\u2019indique <a href=\"https:\/\/www.lequipe.fr\/Medias\/Actualites\/Canal-a-prevenu-lille-que-son-match-contre-les-young-boys-berne-ne-pourra-pas-etre-diffuse-en-france\/1613660\" target=\"_blank\" rel=\"noreferrer noopener\">L\u2019\u00c9quipe<\/a>.<\/p>\n<p class=\"paragraph text_align_left lp-f-body-02\">En r\u00e9alit\u00e9, c\u2019est le code de la consommation qui emp\u00eache la diffusion de cette rencontre. Depuis la fin de l\u2019ann\u00e9e 2016, il est en effet interdit de faire la publicit\u00e9 de cette soci\u00e9t\u00e9 d\u2019investissement lors des comp\u00e9titions sportives. Cette d\u00e9cision survient apr\u00e8s que <a href=\"https:\/\/www.leparisien.fr\/faits-divers\/lautorite-des-marches-financier-inquiete-de-la-menace-qui-pese-sur-ses-pouvoirs-denquete-05-10-2022-KQIT35XHQVBBHKZF3KQG736D2E.php\" target=\"_blank\" rel=\"noreferrer noopener\">l\u2019Autorit\u00e9 fran\u00e7aise des march\u00e9s financiers (AMF)<\/a> a class\u00e9 certains contrats comme \u00ab tr\u00e8s risqu\u00e9s \u00bb.<\/p>\n<p class=\"paragraph text_align_left lp-f-body-02\">Selon le quotidien sportif, <a href=\"https:\/\/www.leparisien.fr\/sports\/football\/ligue-des-champions\/lille-paok-luefa-inflige-10-000-euros-damende-a-olivier-letang-pour-sa-colere-contre-larbitre-18-11-2025-FRYOSAYXZ5C7RETWAULTHW7KFU.php#:~:text=Ligue%20des%20champions-,Lille%2DPAOK%20%3A%20l&#039;UEFA%20inflige%2010%20000%20euros%20d,%2D3)%20en%20Ligue%20Europa.&amp;text=Un%20coup%20de%20sang%20%C3%A0%20plusieurs%20milliers%20d&#039;euros.\" target=\"_blank\" rel=\"noreferrer noopener\">le pr\u00e9sident du Losc Olivier L\u00e9tang<\/a> aurait \u00e9t\u00e9 pr\u00e9venu par Canal + de cette nouvelle. Ce n\u2019est pas une premi\u00e8re puisque les autres matchs des Young Boys Berne et ceux du Legia Varsovie n\u2019ont pu \u00eatre diffus\u00e9s sur la cha\u00eene crypt\u00e9e. Cela concernera \u00e9galement l\u2019Olympique lyonnais, qui affronte les Suisses le 22 janvier prochain. \u00c0 moins que le club helv\u00e8te n\u2019enl\u00e8ve son sponsor maillot.<\/p>\n<p class=\"paragraph text_align_left lp-f-body-02\">Il n\u2019existe en r\u00e9alit\u00e9 pas d\u2019autres solutions viables. Le floutage du sponsor en direct est impossible d\u2019un point de vue technologique et la loi ne peut \u00eatre modifi\u00e9e pour un \u00e9v\u00e9nement particulier. Une infraction pourrait mettre Canal + en grand danger, avec une amende pouvant monter jusqu\u2019\u00e0 100 000 euros par manquement.<\/p>\n","protected":false},"excerpt":{"rendered":"Si vous \u00eates fans des Dogues, ce qui suit devrait vous attrister. Alors que le match de football&hellip;\n","protected":false},"author":2,"featured_media":571027,"comment_status":"","ping_status":"","sticky":false,"template":"","format":"standard","meta":{"footnotes":""},"categories":[2815],"tags":[1111,11,872,1777,674,63,1011,27,811,1307,12,25,60],"class_list":{"0":"post-571026","1":"post","2":"type-post","3":"status-publish","4":"format-standard","5":"has-post-thumbnail","7":"category-lille","8":"tag-actu","9":"tag-actualites","10":"tag-culture-et-loisirs","11":"tag-eu","12":"tag-europe","13":"tag-football","14":"tag-fr","15":"tag-france","16":"tag-hauts-de-france","17":"tag-lille","18":"tag-news","19":"tag-republique-francaise","20":"tag-sports"},"share_on_mastodon":{"url":"https:\/\/pubeurope.com\/@fr\/115644621304559289","error":""},"_links":{"self":[{"href":"https:\/\/www.europesays.com\/fr\/wp-json\/wp\/v2\/posts\/571026","targetHints":{"allow":["GET"]}}],"collection":[{"href":"https:\/\/www.europesays.com\/fr\/wp-json\/wp\/v2\/posts"}],"about":[{"href":"https:\/\/www.europesays.com\/fr\/wp-json\/wp\/v2\/types\/post"}],"author":[{"embeddable":true,"href":"https:\/\/www.europesays.com\/fr\/wp-json\/wp\/v2\/users\/2"}],"replies":[{"embeddable":true,"href":"https:\/\/www.europesays.com\/fr\/wp-json\/wp\/v2\/comments?post=571026"}],"version-history":[{"count":0,"href":"https:\/\/www.europesays.com\/fr\/wp-json\/wp\/v2\/posts\/571026\/revisions"}],"wp:featuredmedia":[{"embeddable":true,"href":"https:\/\/www.europesays.com\/fr\/wp-json\/wp\/v2\/media\/571027"}],"wp:attachment":[{"href":"https:\/\/www.europesays.com\/fr\/wp-json\/wp\/v2\/media?parent=571026"}],"wp:term":[{"taxonomy":"category","embeddable":true,"href":"https:\/\/www.europesays.com\/fr\/wp-json\/wp\/v2\/categories?post=571026"},{"taxonomy":"post_tag","embeddable":true,"href":"https:\/\/www.europesays.com\/fr\/wp-json\/wp\/v2\/tags?post=571026"}],"curies":[{"name":"wp","href":"https:\/\/api.w.org\/{rel}","templated":true}]}}