{"id":571028,"date":"2025-12-01T13:48:19","date_gmt":"2025-12-01T13:48:19","guid":{"rendered":"https:\/\/www.europesays.com\/fr\/571028\/"},"modified":"2025-12-01T13:48:19","modified_gmt":"2025-12-01T13:48:19","slug":"determination-totale-et-ferocite-republicaine-le-prefet-jacques-witkowski-entre-en-fonction","status":"publish","type":"post","link":"https:\/\/www.europesays.com\/fr\/571028\/","title":{"rendered":"\u00ab\u00a0D\u00e9termination totale\u00a0\u00bb et \u00ab\u00a0f\u00e9rocit\u00e9 r\u00e9publicaine\u00a0\u00bb, le pr\u00e9fet Jacques Witkowski entre en fonction"},"content":{"rendered":"<p>Sous les ors de la pr\u00e9fecture des <a href=\"https:\/\/www.20minutes.fr\/dossier\/bouches-rhone\" class=\"c-link c-link--is-underlined\" target=\"_blank\" rel=\"noopener\">Bouches-du-Rh\u00f4ne<\/a> \u00e0 <a href=\"https:\/\/www.20minutes.fr\/marseille\/\" class=\"c-link c-link--is-underlined\" target=\"_blank\" rel=\"noopener\">Marseille<\/a>, c\u2019est une assembl\u00e9e dense qui se presse pour souhaiter la bienvenue \u00e0 Jacques Witkowski, nomm\u00e9 pr\u00e9fet de la r\u00e9gion <a href=\"https:\/\/www.20minutes.fr\/dossier\/provence-alpes-cote-azur\" class=\"c-link c-link--is-underlined\" target=\"_blank\" rel=\"noopener\">Provence-Alpes-C\u00f4te d&rsquo;Azur<\/a> et des Bouches-du-Rh\u00f4ne le 19\u00a0novembre dernier, qui prend ses fonctions ce lundi.<\/p>\n<p>L\u2019homme de 62 ans, form\u00e9 \u00e0 l\u2019\u00c9cole sp\u00e9ciale militaire de Saint-Cyr et pass\u00e9 par la gendarmerie nationale, remplace <a href=\"https:\/\/www.20minutes.fr\/politique\/4182466-20251030-provence-alpes-cote-azur-clap-fin-prefet-georges-francois-leclerc-rejoint-elysee\" class=\"c-link c-link--is-underlined\" target=\"_blank\" rel=\"noopener\">Georges-Fran\u00e7ois Leclerc<\/a>. Une habitude entre les deux hommes, puisqu\u2019ils se sont d\u00e9j\u00e0 succ\u00e9d\u00e9 en Seine-Saint-Denis, o\u00f9 Jacques Witkowski a \u00e9t\u00e9 pr\u00e9fet de\u00a02021 \u00e0\u00a02024. Il retrouve ainsi poursuivi dans le Sud par le dossier des <a href=\"https:\/\/www.20minutes.fr\/sport\/jo\/\" class=\"c-link c-link--is-underlined\" target=\"_blank\" rel=\"noopener\">Jeux olympiques<\/a>, avec l\u2019organisation des <a href=\"https:\/\/www.20minutes.fr\/sport\/jo-2030\/\" class=\"c-link c-link--is-underlined\" target=\"_blank\" rel=\"noopener\">JO d\u2019hiver de\u00a02030<\/a> qui se d\u00e9rouleront dans les <a href=\"https:\/\/www.20minutes.fr\/dossier\/alpes\" class=\"c-link c-link--is-underlined\" target=\"_blank\" rel=\"noopener\">Alpes<\/a>.<\/p>\n<\/p>\n<p>Si Georges-Fran\u00e7ois Leclerc, parti en octobre pour diriger le cabinet du pr\u00e9sident de la R\u00e9publique, \u00e9tait r\u00e9put\u00e9 pour son caract\u00e8re \u00ab\u00a0bouillonnant\u00a0\u00bb et \u00ab\u00a0brusque\u00a0\u00bb, le nouveau pr\u00e9fet est d\u00e9crit comme un \u00ab\u00a0pragmatique\u00a0\u00bb, \u00ab\u00a0courtois\u00a0\u00bb et neutre par les \u00e9lus franciliens qui l\u2019ont connu.<\/p>\n<p>\u00ab\u00a0Je ne peux plus reculer, je ne peux plus fuir\u00a0\u00bb, a plaisant\u00e9 Jacques Witkowski au d\u00e9but de son bref discours, rappelant son \u00ab\u00a0\u00e9motion\u00a0\u00bb d\u2019arriver \u00e0 ces fonctions. \u00ab\u00a0La r\u00e9gion Provence-Alpes-C\u00f4te d\u2019Azur, les Bouches-du-Rh\u00f4ne, Marseille\u2026 Ce n\u2019est pas un poste comme les autres\u00a0\u00bb, reconna\u00eet-il, sans allusion directe au contexte pourtant particuli\u00e8rement pesant de ces derni\u00e8res semaines.<\/p>\n<p>\u00ab\u00a0D\u00e9termination totale\u00a0\u00bb<\/p>\n<p>Six jours avant sa nomination, <a href=\"https:\/\/www.20minutes.fr\/faits_divers\/faits-divers-marseille\/4186428-20251118-obseques-mehdi-kessaci-choquee-apeuree-marseille-essuie-larmes-sous-haute-surveillance\" class=\"c-link c-link--is-underlined\" target=\"_blank\" rel=\"noopener\">l\u2019assassinat \u00ab\u00a0d\u2019avertissement\u00a0\u00bb de Mehdi Kessaci<\/a>, fr\u00e8re d\u2019<a href=\"https:\/\/www.20minutes.fr\/societe\/4186802-20251122-narcotrafics-amine-kessaci-iconisation-essentielle-lutte-contre-trafic-drogue\" class=\"c-link c-link--is-underlined\" target=\"_blank\" rel=\"noopener\">Amine Kessaci<\/a> militant \u00e9cologiste engag\u00e9 contre les trafics, a jet\u00e9 une lumi\u00e8re crue sur la situation de Marseille, aux prises avec les <a href=\"https:\/\/www.20minutes.fr\/dossier\/trafic_de_drogue\" class=\"c-link c-link--is-underlined\" target=\"_blank\" rel=\"noopener\">trafics de stup\u00e9fiants<\/a> et leur influence.<\/p>\n<p>Une lutte qui reste en t\u00eate des priorit\u00e9s du haut fonctionnaire, qui a qualifi\u00e9 ce lundi la s\u00e9curit\u00e9 de \u00ab\u00a0libert\u00e9 fondamentale\u00a0\u00bb. \u00ab\u00a0Je suis croyant, mais je ne ferais pas de miracles\u00a0\u00bb, a lanc\u00e9 Jacques Witkowski, tout en assurant \u00ab\u00a0une d\u00e9termination totale\u00a0\u00bb et un \u00ab\u00a0investissement \u00e0 100\u00a0%\u00a0\u00bb. Il a \u00e9galement promis la \u00ab\u00a0f\u00e9rocit\u00e9 r\u00e9publicaine\u00a0\u00bb \u00e0 tous ceux qui \u00ab\u00a0emp\u00eachent les libert\u00e9s individuelles et collectives\u00a0\u00bb de s\u2019exercer. Dans un entretien accord\u00e9 \u00e0 l\u2019AFP apr\u00e8s sa nomination, le nouveau pr\u00e9fet avait par ailleurs expliqu\u00e9 vouloir associer \u00ab\u00a0l\u2019ensemble des acteurs, sur la totalit\u00e9 du spectre, y compris social\u00a0\u00bb dans ce combat.<\/p>\n<p>Jacques Witkowski a rappel\u00e9 son credo\u00a0: un \u00c9tat lisible, proche et r\u00e9actif. \u00ab\u00a0Je serais un pr\u00e9fet ouvert et disponible\u00a0\u00bb, assure-t-il, dispos\u00e9 \u00e0 faire les choses \u00ab\u00a0le plus vite possible\u00a0\u00bb. Pass\u00e9 par la pr\u00e9fecture de <a href=\"https:\/\/www.20minutes.fr\/dossier\/mayotte\" class=\"c-link c-link--is-underlined\" target=\"_blank\" rel=\"noopener\">Mayotte<\/a>, de la <a href=\"https:\/\/www.20minutes.fr\/dossier\/manche\" class=\"c-link c-link--is-underlined\" target=\"_blank\" rel=\"noopener\">Manche<\/a>, de l\u2019<a href=\"https:\/\/www.20minutes.fr\/societe\/herault\/\" class=\"c-link c-link--is-underlined\" target=\"_blank\" rel=\"noopener\">H\u00e9rault<\/a> et plus r\u00e9cemment du <a href=\"https:\/\/www.20minutes.fr\/dossier\/bas_rhin\" class=\"c-link c-link--is-underlined\" target=\"_blank\" rel=\"noopener\">Bas-Rhin<\/a>, le militaire de formation a aussi \u00e9t\u00e9 directeur g\u00e9n\u00e9ral de la S\u00e9curit\u00e9 civile et de la gestion des crises. Une aptitude qui pourrait lui servir sur les bords de la <a href=\"https:\/\/www.20minutes.fr\/dossier\/mediterranee\" class=\"c-link c-link--is-underlined\" target=\"_blank\" rel=\"noopener\">M\u00e9diterran\u00e9e<\/a>.<\/p>\n","protected":false},"excerpt":{"rendered":"Sous les ors de la pr\u00e9fecture des Bouches-du-Rh\u00f4ne \u00e0 Marseille, c\u2019est une assembl\u00e9e dense qui se presse pour&hellip;\n","protected":false},"author":2,"featured_media":571029,"comment_status":"","ping_status":"","sticky":false,"template":"","format":"standard","meta":{"footnotes":""},"categories":[2814],"tags":[1111,11,885,1777,674,1011,27,884,12,883,8916,14583,882,1306,25],"class_list":{"0":"post-571028","1":"post","2":"type-post","3":"status-publish","4":"format-standard","5":"has-post-thumbnail","7":"category-marseille","8":"tag-actu","9":"tag-actualites","10":"tag-bouches-du-rhone","11":"tag-eu","12":"tag-europe","13":"tag-fr","14":"tag-france","15":"tag-marseille","16":"tag-news","17":"tag-paca","18":"tag-prefecture","19":"tag-prefet","20":"tag-provence-alpes-cote-dazur","21":"tag-regions","22":"tag-republique-francaise"},"share_on_mastodon":{"url":"https:\/\/pubeurope.com\/@fr\/115644629663668727","error":""},"_links":{"self":[{"href":"https:\/\/www.europesays.com\/fr\/wp-json\/wp\/v2\/posts\/571028","targetHints":{"allow":["GET"]}}],"collection":[{"href":"https:\/\/www.europesays.com\/fr\/wp-json\/wp\/v2\/posts"}],"about":[{"href":"https:\/\/www.europesays.com\/fr\/wp-json\/wp\/v2\/types\/post"}],"author":[{"embeddable":true,"href":"https:\/\/www.europesays.com\/fr\/wp-json\/wp\/v2\/users\/2"}],"replies":[{"embeddable":true,"href":"https:\/\/www.europesays.com\/fr\/wp-json\/wp\/v2\/comments?post=571028"}],"version-history":[{"count":0,"href":"https:\/\/www.europesays.com\/fr\/wp-json\/wp\/v2\/posts\/571028\/revisions"}],"wp:featuredmedia":[{"embeddable":true,"href":"https:\/\/www.europesays.com\/fr\/wp-json\/wp\/v2\/media\/571029"}],"wp:attachment":[{"href":"https:\/\/www.europesays.com\/fr\/wp-json\/wp\/v2\/media?parent=571028"}],"wp:term":[{"taxonomy":"category","embeddable":true,"href":"https:\/\/www.europesays.com\/fr\/wp-json\/wp\/v2\/categories?post=571028"},{"taxonomy":"post_tag","embeddable":true,"href":"https:\/\/www.europesays.com\/fr\/wp-json\/wp\/v2\/tags?post=571028"}],"curies":[{"name":"wp","href":"https:\/\/api.w.org\/{rel}","templated":true}]}}