{"id":571030,"date":"2025-12-01T13:49:16","date_gmt":"2025-12-01T13:49:16","guid":{"rendered":"https:\/\/www.europesays.com\/fr\/571030\/"},"modified":"2025-12-01T13:49:16","modified_gmt":"2025-12-01T13:49:16","slug":"insecurite-marseille-le-site-dorange-ferme-pour-plus-de-deux-semaines-apres-des-affrontements-entre-bandes-rivales-liberation-dans-les-medias-presse","status":"publish","type":"post","link":"https:\/\/www.europesays.com\/fr\/571030\/","title":{"rendered":"Ins\u00e9curit\u00e9 Marseille : le site d\u2019Orange ferm\u00e9 pour plus de deux semaines apr\u00e8s des affrontements entre bandes rivales &#8211; Lib\u00e9ration | Dans les m\u00e9dias | Presse"},"content":{"rendered":"<p class=\"uk-margin-small-top uk-margin-remove-bottom uk-article-meta\">\n                R\u00e9dig\u00e9 par St\u00e9phanie CRESPIN le 1 d\u00e9cembre 2025.                Publi\u00e9 dans <a href=\"https:\/\/www.cfecgc-orange.org\/revue-de-presse\/\" target=\"_blank\" rel=\"noopener\">Dans les m\u00e9dias<\/a>.            <\/p>\n<p>\t\t\t\t        \t\t\t\t            <img loading=\"lazy\" decoding=\"async\" src=\"https:\/\/www.europesays.com\/fr\/wp-content\/uploads\/2025\/12\/stmauront-libe.jpg\" alt=\"stmauront libe\" width=\"605\" height=\"403\"\/><br \/>\nLes salari\u00e9s du site de l\u2019entreprise de t\u00e9l\u00e9phonie, dans le IIIe arrondissement de la ville, ont re\u00e7u la directive de ne pas revenir sur leur lieu de travail du 28\u00a0novembre au 14\u00a0d\u00e9cembre.<\/p>\n<p>Quand l\u2019ins\u00e9curit\u00e9 d\u2019un quartier pousse un g\u00e9ant des t\u00e9l\u00e9communications \u00e0 fermer son principal site dans la deuxi\u00e8me ville de France pour plus de quinze jours. Jeudi 27 novembre, dans un courrier aux salari\u00e9s que Lib\u00e9ration a pu consulter, le directeur r\u00e9gional d\u2019Orange a enjoint les employ\u00e9s du site du quartier Saint-Mauront, dans le IIIe arrondissement de la ville, \u00e0 cesser de se rendre sur leur lieu de travail.<\/p>\n<p>[&#8230;]<\/p>\n<p>Cette d\u00e9cision, une premi\u00e8re selon le syndicat CFE-CGC, interrog\u00e9 par <a href=\"https:\/\/www.francebleu.fr\/infos\/faits-divers-justice\/affrontement-entre-bandes-rivales-le-site-d-orange-ferme-pendant-15-jours-dans-le-quartier-saint-mauront-5737678\" target=\"_blank\" rel=\"noopener noreferrer\" title=\"https:\/\/www.francebleu.fr\/infos\/faits-divers-justice\/affrontement-entre-bandes-rivales-le-site-d-orange-ferme-pendant-15-jours-dans-le-quartier-saint-mauront-5737678\">ICI Provence,<\/a> intervient apr\u00e8s une s\u00e9rie d\u2019affrontements <a href=\"https:\/\/www.liberation.fr\/societe\/confronte-au-narcotrafic-marseille-en-deuil-se-recueille-20251122_E46TKXO5PVABTEVNAVWSZ7FHHM\/\" target=\"_blank\" rel=\"noopener noreferrer\" title=\"https:\/\/www.liberation.fr\/societe\/confronte-au-narcotrafic-marseille-en-deuil-se-recueille-20251122_E46TKXO5PVABTEVNAVWSZ7FHHM\/\">sur fond de narcotrafic<\/a> entre bandes rivales qui se disputeraient le contr\u00f4le d\u2019un point de deal. <br \/>[&#8230;]<br \/>Si la pr\u00e9fecture de police de Marseille n\u2019a pas pu \u00abse faire confirmer\u00bb les t\u00e9moignages des riverains assurant que des coups de feu ont \u00e9t\u00e9 tir\u00e9s ces derniers jours, le repr\u00e9sentant de la CFE-CGC t\u00e9moigne d\u2019une atmosph\u00e8re de \u00abguerre de gangs\u00bb. \u00abIl y a des gens qui ne veulent plus revenir.\u00bb <br \/>[&#8230;]<br \/><strong>Lire l&rsquo;article complet sur <a href=\"https:\/\/www.liberation.fr\/societe\/police-justice\/marseille-le-site-dorange-ferme-pour-plus-de-deux-semaines-jours-apres-des-affrontements-entre-bandes-rivales-20251127_OZJCXSYVXBDMFA4UQ52LEEYRRA\/\" target=\"_blank\" rel=\"noopener\">Lib\u00e9ration <\/a>&#8211; 28\/11\/2025<\/strong><\/p>\n<p>\u00a0<\/p>\n<p>\t\t\t\t\t\t\t\t\t\t\t\t<a href=\"https:\/\/www.cfecgc-orange.org\/tag\/key-cit-conditions.html\" class=\"my-tag\" property=\"keywords\" target=\"_blank\" rel=\"noopener\">Conditions de Travail et Sant\u00e9<\/a><br \/>\n\t\t\t\t\t\t\t\t\t\t\t\t\t\t<a href=\"https:\/\/www.cfecgc-orange.org\/tag\/key-do-gse.html\" class=\"my-tag\" property=\"keywords\" target=\"_blank\" rel=\"noopener\">DO Grand Sud-Est<\/a>\n\t\t\t<\/p>\n","protected":false},"excerpt":{"rendered":"R\u00e9dig\u00e9 par St\u00e9phanie CRESPIN le 1 d\u00e9cembre 2025. Publi\u00e9 dans Dans les m\u00e9dias. Les salari\u00e9s du site de&hellip;\n","protected":false},"author":2,"featured_media":571031,"comment_status":"","ping_status":"","sticky":false,"template":"","format":"standard","meta":{"footnotes":""},"categories":[2814],"tags":[1111,11,33781,68592,32577,68593,68594,68597,32581,1777,674,6248,1011,27,964,68595,68596,884,12,68598,738,882,25,68599,34263,68590,68591,11564],"class_list":{"0":"post-571030","1":"post","2":"type-post","3":"status-publish","4":"format-standard","5":"has-post-thumbnail","7":"category-marseille","8":"tag-actu","9":"tag-actualites","10":"tag-cadre","11":"tag-cfe","12":"tag-cfe-cgc","13":"tag-cfecgc","14":"tag-cgc","15":"tag-droit-prive","16":"tag-encadrement","17":"tag-eu","18":"tag-europe","19":"tag-fonctionnaire","20":"tag-fr","21":"tag-france","22":"tag-france-telecom","23":"tag-ft","24":"tag-ft-sa","25":"tag-marseille","26":"tag-news","27":"tag-non-cadre","28":"tag-orange","29":"tag-provence-alpes-cote-dazur","30":"tag-republique-francaise","31":"tag-sebastien-crozier","32":"tag-section","33":"tag-sncgc","34":"tag-sncgc-ft","35":"tag-syndicat"},"share_on_mastodon":{"url":"https:\/\/pubeurope.com\/@fr\/115644634164313362","error":""},"_links":{"self":[{"href":"https:\/\/www.europesays.com\/fr\/wp-json\/wp\/v2\/posts\/571030","targetHints":{"allow":["GET"]}}],"collection":[{"href":"https:\/\/www.europesays.com\/fr\/wp-json\/wp\/v2\/posts"}],"about":[{"href":"https:\/\/www.europesays.com\/fr\/wp-json\/wp\/v2\/types\/post"}],"author":[{"embeddable":true,"href":"https:\/\/www.europesays.com\/fr\/wp-json\/wp\/v2\/users\/2"}],"replies":[{"embeddable":true,"href":"https:\/\/www.europesays.com\/fr\/wp-json\/wp\/v2\/comments?post=571030"}],"version-history":[{"count":0,"href":"https:\/\/www.europesays.com\/fr\/wp-json\/wp\/v2\/posts\/571030\/revisions"}],"wp:featuredmedia":[{"embeddable":true,"href":"https:\/\/www.europesays.com\/fr\/wp-json\/wp\/v2\/media\/571031"}],"wp:attachment":[{"href":"https:\/\/www.europesays.com\/fr\/wp-json\/wp\/v2\/media?parent=571030"}],"wp:term":[{"taxonomy":"category","embeddable":true,"href":"https:\/\/www.europesays.com\/fr\/wp-json\/wp\/v2\/categories?post=571030"},{"taxonomy":"post_tag","embeddable":true,"href":"https:\/\/www.europesays.com\/fr\/wp-json\/wp\/v2\/tags?post=571030"}],"curies":[{"name":"wp","href":"https:\/\/api.w.org\/{rel}","templated":true}]}}